{"id":34493,"date":"2025-02-20T18:44:18","date_gmt":"2025-02-20T21:44:18","guid":{"rendered":"https:\/\/radiostudiow.com.br\/site\/?p=34493"},"modified":"2025-02-20T18:44:19","modified_gmt":"2025-02-20T21:44:19","slug":"homens-sao-presos-apos-disparo-de-arma-de-fogo-em-imbituva","status":"publish","type":"post","link":"https:\/\/radiostudiow.com.br\/site\/2025\/02\/20\/homens-sao-presos-apos-disparo-de-arma-de-fogo-em-imbituva\/","title":{"rendered":"Homens s\u00e3o presos ap\u00f3s disparo de arma de fogo em Imbituva"},"content":{"rendered":"\n<p>Na tarde desta quarta-feira (19-02), por volta das 18h20, dois homens procuraram a Pol\u00edcia Militar de Imbituva, relatando que, enquanto estavam em sua resid\u00eancia na Vila Zezo, ouviram um disparo de arma de fogo vindo de um ve\u00edculo que passava em frente \u00e0 sua casa. De acordo com os solicitantes, o disparo foi efetuado em dire\u00e7\u00e3o \u00e0 resid\u00eancia deles, e as v\u00edtimas acreditam que o ato tenha rela\u00e7\u00e3o com desaven\u00e7as familiares anteriores com os vizinhos.<\/p>\n\n\n\n<p>A Pol\u00edcia Militar foi acionada e iniciou as investiga\u00e7\u00f5es, analisando imagens captadas pelas c\u00e2meras de seguran\u00e7a da resid\u00eancia das v\u00edtimas. Nas imagens, foi poss\u00edvel identificar o autom\u00f3vel suspeito utilizado pelos autores do disparo. Com essas informa\u00e7\u00f5es, as equipes policiais iniciaram dilig\u00eancias nas \u00e1reas pr\u00f3ximas, inclusive no bairro Vila Nova e regi\u00f5es adjacentes.<\/p>\n\n\n\n<figure class=\"wp-block-image size-full\"><img loading=\"lazy\" decoding=\"async\" width=\"897\" height=\"204\" src=\"https:\/\/radiostudiow.com.br\/site\/wp-content\/uploads\/2025\/02\/SITE-GRANDE7.png\" alt=\"\" class=\"wp-image-33861\" srcset=\"https:\/\/radiostudiow.com.br\/site\/wp-content\/uploads\/2025\/02\/SITE-GRANDE7.png 897w, https:\/\/radiostudiow.com.br\/site\/wp-content\/uploads\/2025\/02\/SITE-GRANDE7-300x68.png 300w, https:\/\/radiostudiow.com.br\/site\/wp-content\/uploads\/2025\/02\/SITE-GRANDE7-768x175.png 768w\" sizes=\"auto, (max-width: 897px) 100vw, 897px\" \/><\/figure>\n\n\n\n<p>Durante as buscas, os policiais avistaram o ve\u00edculo em quest\u00e3o transitando do bairro Vila Nova em dire\u00e7\u00e3o ao Centro de Imbituva. Ao tentarem abordar o autom\u00f3vel com sinais sonoros e luminosos, o condutor n\u00e3o obedeceu \u00e0 ordem de parada, dando in\u00edcio a um acompanhamento t\u00e1tico. Durante a evas\u00e3o, o ve\u00edculo desrespeitou preferenciais e realizou manobras perigosas, colocando em risco a seguran\u00e7a de pedestres e outros motoristas.<\/p>\n\n\n\n<p>Na Rua Miguel Camargo Pedroso, os policiais perceberam que o passageiro do ve\u00edculo descartou algum objeto pela janela. Ap\u00f3s o acompanhamento, o autom\u00f3vel foi interceptado, e uma abordagem foi realizada. Ao serem questionados sobre o objeto descartado, os indiv\u00edduos negaram qualquer envolvimento. No entanto, durante buscas nas proximidades, os policiais localizaram dois rev\u00f3lveres calibre .38, 18 muni\u00e7\u00f5es (sendo 16 intactas e 2 deflagradas), al\u00e9m de duas facas.<\/p>\n\n\n\n<figure class=\"wp-block-image size-full\"><img decoding=\"async\" src=\"https:\/\/radiostudiow.com.br\/site\/wp-content\/uploads\/2025\/02\/SITE-E-TV.png\" alt=\"\" class=\"wp-image-33896\"\/><\/figure>\n\n\n\n<p>O condutor do ve\u00edculo foi submetido ao teste de etil\u00f4metro, que confirmou que ele estava dirigindo sob efeito de \u00e1lcool. Durante o levantamento das informa\u00e7\u00f5es, tamb\u00e9m foi descoberto que os suspeitos haviam se envolvido em outra ocorr\u00eancia de disparo de arma de fogo em Ponta Grossa, ocorrida em 13 de fevereiro de 2025.<\/p>\n\n\n\n<p>Diante dos fatos, os dois indiv\u00edduos receberam voz de pris\u00e3o. Eles foram encaminhados ao pronto atendimento de Imbituva para a confec\u00e7\u00e3o do laudo de les\u00e3o corporal e, em seguida, \u00e0 Delegacia de Pol\u00edcia Civil de Irati, onde os materiais apreendidos e os detidos foram apresentados para as provid\u00eancias legais cab\u00edveis.<\/p>\n\n\n\n<p><strong><em>Com informa\u00e7\u00f5es da Pol\u00edcia Militar.<\/em><\/strong><\/p>\n\n\n\n<p><\/p>\n","protected":false},"excerpt":{"rendered":"<p>Na tarde desta quarta-feira (19-02), por volta das 18h20, dois homens procuraram a Pol\u00edcia Militar de Imbituva, relatando que, enquanto estavam em sua resid\u00eancia na Vila Zezo, ouviram um disparo de arma de fogo vindo de um ve\u00edculo que passava em frente \u00e0 sua casa. De acordo com os solicitantes, o disparo foi efetuado em [&hellip;]<\/p>\n","protected":false},"author":2,"featured_media":34494,"comment_status":"open","ping_status":"open","sticky":false,"template":"","format":"standard","meta":{"footnotes":""},"categories":[2],"tags":[172],"class_list":["post-34493","post","type-post","status-publish","format-standard","has-post-thumbnail","hentry","category-policial","tag-featured"],"amp_enabled":true,"_links":{"self":[{"href":"https:\/\/radiostudiow.com.br\/site\/wp-json\/wp\/v2\/posts\/34493","targetHints":{"allow":["GET"]}}],"collection":[{"href":"https:\/\/radiostudiow.com.br\/site\/wp-json\/wp\/v2\/posts"}],"about":[{"href":"https:\/\/radiostudiow.com.br\/site\/wp-json\/wp\/v2\/types\/post"}],"author":[{"embeddable":true,"href":"https:\/\/radiostudiow.com.br\/site\/wp-json\/wp\/v2\/users\/2"}],"replies":[{"embeddable":true,"href":"https:\/\/radiostudiow.com.br\/site\/wp-json\/wp\/v2\/comments?post=34493"}],"version-history":[{"count":2,"href":"https:\/\/radiostudiow.com.br\/site\/wp-json\/wp\/v2\/posts\/34493\/revisions"}],"predecessor-version":[{"id":34501,"href":"https:\/\/radiostudiow.com.br\/site\/wp-json\/wp\/v2\/posts\/34493\/revisions\/34501"}],"wp:featuredmedia":[{"embeddable":true,"href":"https:\/\/radiostudiow.com.br\/site\/wp-json\/wp\/v2\/media\/34494"}],"wp:attachment":[{"href":"https:\/\/radiostudiow.com.br\/site\/wp-json\/wp\/v2\/media?parent=34493"}],"wp:term":[{"taxonomy":"category","embeddable":true,"href":"https:\/\/radiostudiow.com.br\/site\/wp-json\/wp\/v2\/categories?post=34493"},{"taxonomy":"post_tag","embeddable":true,"href":"https:\/\/radiostudiow.com.br\/site\/wp-json\/wp\/v2\/tags?post=34493"}],"curies":[{"name":"wp","href":"https:\/\/api.w.org\/{rel}","templated":true}]}}