{"id":34497,"date":"2025-02-20T18:41:11","date_gmt":"2025-02-20T21:41:11","guid":{"rendered":"https:\/\/radiostudiow.com.br\/site\/?p=34497"},"modified":"2025-02-20T18:41:12","modified_gmt":"2025-02-20T21:41:12","slug":"suspeito-de-homicidio-em-porto-amazonas-e-preso-em-sao-mateus-do-sul-em-operacao-da-pcpr","status":"publish","type":"post","link":"https:\/\/radiostudiow.com.br\/site\/2025\/02\/20\/suspeito-de-homicidio-em-porto-amazonas-e-preso-em-sao-mateus-do-sul-em-operacao-da-pcpr\/","title":{"rendered":"Suspeito de homic\u00eddio em Porto Amazonas \u00e9 preso em S\u00e3o Mateus do Sul em opera\u00e7\u00e3o da PCPR"},"content":{"rendered":"\n<p>A Pol\u00edcia Civil do Paran\u00e1 (PCPR) prendeu oito pessoas e apreendeu dois adolescentes durante uma opera\u00e7\u00e3o em combate aos crimes contra a vida. A a\u00e7\u00e3o aconteceu na manh\u00e3 desta quinta-feira (20), nos Campos Gerais, inclusive com pris\u00e3o em S\u00e3o Mateus do Sul. Por\u00e7\u00f5es de drogas, armas e muni\u00e7\u00f5es foram apreendidas.<\/p>\n\n\n\n<figure class=\"wp-block-image size-full\"><img loading=\"lazy\" decoding=\"async\" width=\"897\" height=\"204\" src=\"https:\/\/radiostudiow.com.br\/site\/wp-content\/uploads\/2025\/01\/SITE-GRANDE4.png\" alt=\"\" class=\"wp-image-32888\" srcset=\"https:\/\/radiostudiow.com.br\/site\/wp-content\/uploads\/2025\/01\/SITE-GRANDE4.png 897w, https:\/\/radiostudiow.com.br\/site\/wp-content\/uploads\/2025\/01\/SITE-GRANDE4-300x68.png 300w, https:\/\/radiostudiow.com.br\/site\/wp-content\/uploads\/2025\/01\/SITE-GRANDE4-768x175.png 768w\" sizes=\"auto, (max-width: 897px) 100vw, 897px\" \/><\/figure>\n\n\n\n<p>A opera\u00e7\u00e3o teve como objetivo o combate aos delitos de homic\u00eddio qualificado tentado, roubo e disparo de arma de fogo ocorridos nos munic\u00edpios de Palmeira e Porto Amazonas neste ano. As investiga\u00e7\u00f5es indicam que os crimes est\u00e3o relacionados ao com\u00e9rcio ilegal de entorpecentes.<\/p>\n\n\n\n<p>De acordo com o delegado da PCPR Rodrigo Siqueira, cerca de 45 policiais participaram da a\u00e7\u00e3o, que cumpriu mandados de pris\u00e3o preventiva e de busca e apreens\u00e3o em Palmeira, Porto Amazonas, Ponta Grossa e S\u00e3o Mateus do Sul.&nbsp;<\/p>\n\n\n\n<p>No munic\u00edpio, um indiv\u00edduo de 21 anos foi preso na regi\u00e3o central investigado pela pr\u00e1tica do crime de homic\u00eddio qualificado ocorrido na cidade de Porto Amazonas.<\/p>\n\n\n\n<figure class=\"wp-block-image size-full\"><img loading=\"lazy\" decoding=\"async\" width=\"598\" height=\"204\" src=\"https:\/\/radiostudiow.com.br\/site\/wp-content\/uploads\/2025\/01\/SITE-MEDIO2.png\" alt=\"\" class=\"wp-image-32844\" srcset=\"https:\/\/radiostudiow.com.br\/site\/wp-content\/uploads\/2025\/01\/SITE-MEDIO2.png 598w, https:\/\/radiostudiow.com.br\/site\/wp-content\/uploads\/2025\/01\/SITE-MEDIO2-300x102.png 300w\" sizes=\"auto, (max-width: 598px) 100vw, 598px\" \/><\/figure>\n\n\n\n<p><strong>Resultados<\/strong><\/p>\n\n\n\n<p>Como resultado, seis pessoas foram presas preventivamente e dois adolescentes foram apreendidos. Al\u00e9m disso, dois indiv\u00edduos foram detidos em flagrante pelos crimes de tr\u00e1fico de entorpecentes e posse ilegal de armas e muni\u00e7\u00f5es.&nbsp;<\/p>\n\n\n\n<p>\u201cAo todo foram apreendidas 60 gramas de maconha, um rev\u00f3lver calibre .38, uma espingarda calibre .22, 23 muni\u00e7\u00f5es intactas e duas deflagradas, al\u00e9m de aparelhos celulares\u201d, explicou o delegado. Ele ainda informou que outros delitos podem estar relacionados \u00e0s armas apreendidas e as investiga\u00e7\u00f5es seguem em andamento.<\/p>\n\n\n\n<p>Todos os presos foram encaminhados ao sistema penitenci\u00e1rio e os adolescentes apreendidos foram encaminhados ao Centro de Socioeduca\u00e7\u00e3o (Cense).<\/p>\n\n\n\n<p><em>Com informa\u00e7\u00f5es PCPR<\/em><\/p>\n","protected":false},"excerpt":{"rendered":"<p>A Pol\u00edcia Civil do Paran\u00e1 (PCPR) prendeu oito pessoas e apreendeu dois adolescentes durante uma opera\u00e7\u00e3o em combate aos crimes contra a vida. A a\u00e7\u00e3o aconteceu na manh\u00e3 desta quinta-feira (20), nos Campos Gerais, inclusive com pris\u00e3o em S\u00e3o Mateus do Sul. Por\u00e7\u00f5es de drogas, armas e muni\u00e7\u00f5es foram apreendidas. A opera\u00e7\u00e3o teve como objetivo [&hellip;]<\/p>\n","protected":false},"author":2,"featured_media":34498,"comment_status":"open","ping_status":"open","sticky":false,"template":"","format":"standard","meta":{"footnotes":""},"categories":[2],"tags":[172],"class_list":["post-34497","post","type-post","status-publish","format-standard","has-post-thumbnail","hentry","category-policial","tag-featured"],"amp_enabled":true,"_links":{"self":[{"href":"https:\/\/radiostudiow.com.br\/site\/wp-json\/wp\/v2\/posts\/34497","targetHints":{"allow":["GET"]}}],"collection":[{"href":"https:\/\/radiostudiow.com.br\/site\/wp-json\/wp\/v2\/posts"}],"about":[{"href":"https:\/\/radiostudiow.com.br\/site\/wp-json\/wp\/v2\/types\/post"}],"author":[{"embeddable":true,"href":"https:\/\/radiostudiow.com.br\/site\/wp-json\/wp\/v2\/users\/2"}],"replies":[{"embeddable":true,"href":"https:\/\/radiostudiow.com.br\/site\/wp-json\/wp\/v2\/comments?post=34497"}],"version-history":[{"count":1,"href":"https:\/\/radiostudiow.com.br\/site\/wp-json\/wp\/v2\/posts\/34497\/revisions"}],"predecessor-version":[{"id":34499,"href":"https:\/\/radiostudiow.com.br\/site\/wp-json\/wp\/v2\/posts\/34497\/revisions\/34499"}],"wp:featuredmedia":[{"embeddable":true,"href":"https:\/\/radiostudiow.com.br\/site\/wp-json\/wp\/v2\/media\/34498"}],"wp:attachment":[{"href":"https:\/\/radiostudiow.com.br\/site\/wp-json\/wp\/v2\/media?parent=34497"}],"wp:term":[{"taxonomy":"category","embeddable":true,"href":"https:\/\/radiostudiow.com.br\/site\/wp-json\/wp\/v2\/categories?post=34497"},{"taxonomy":"post_tag","embeddable":true,"href":"https:\/\/radiostudiow.com.br\/site\/wp-json\/wp\/v2\/tags?post=34497"}],"curies":[{"name":"wp","href":"https:\/\/api.w.org\/{rel}","templated":true}]}}