{"id":34500,"date":"2025-02-20T18:53:45","date_gmt":"2025-02-20T21:53:45","guid":{"rendered":"https:\/\/radiostudiow.com.br\/site\/?p=34500"},"modified":"2025-02-20T18:53:46","modified_gmt":"2025-02-20T21:53:46","slug":"prf-lanca-operacao-rodovida-carnaval-2025-para-reduzir-acidentes-nas-estradas","status":"publish","type":"post","link":"https:\/\/radiostudiow.com.br\/site\/2025\/02\/20\/prf-lanca-operacao-rodovida-carnaval-2025-para-reduzir-acidentes-nas-estradas\/","title":{"rendered":"PRF Lan\u00e7a Opera\u00e7\u00e3o RodoVida Carnaval 2025 para reduzir acidentes nas estradas"},"content":{"rendered":"\n<p>A Pol\u00edcia Rodovi\u00e1ria Federal (PRF) lan\u00e7ou nesta quarta-feira (19) a Opera\u00e7\u00e3o RodoVida \u2013 Carnaval 2025, que visa intensificar a fiscaliza\u00e7\u00e3o nas estradas federais do pa\u00eds durante o per\u00edodo de feriado prolongado. As a\u00e7\u00f5es come\u00e7am em 24 de fevereiro e v\u00e3o at\u00e9 6 de mar\u00e7o.<\/p>\n\n\n\n<figure class=\"wp-block-image size-full\"><img loading=\"lazy\" decoding=\"async\" width=\"897\" height=\"204\" src=\"https:\/\/radiostudiow.com.br\/site\/wp-content\/uploads\/2025\/01\/SITE-GRANDE3.png\" alt=\"\" class=\"wp-image-32900\" srcset=\"https:\/\/radiostudiow.com.br\/site\/wp-content\/uploads\/2025\/01\/SITE-GRANDE3.png 897w, https:\/\/radiostudiow.com.br\/site\/wp-content\/uploads\/2025\/01\/SITE-GRANDE3-300x68.png 300w, https:\/\/radiostudiow.com.br\/site\/wp-content\/uploads\/2025\/01\/SITE-GRANDE3-768x175.png 768w\" sizes=\"auto, (max-width: 897px) 100vw, 897px\" \/><\/figure>\n\n\n\n<p>A fiscaliza\u00e7\u00e3o ser\u00e1 mais rigorosa, com um efetivo de 2,7 mil policiais de forma simult\u00e2nea, podendo chegar a 3 mil nos dias e hor\u00e1rios considerados mais cr\u00edticos durante o carnaval. Foram mapeados os trechos mais perigosos e que registraram o maior \u00edndice de acidentes graves entre 2017 e 2024.<\/p>\n\n\n\n<h2 class=\"wp-block-heading\">Trechos Cr\u00edticos<\/h2>\n\n\n\n<p>Os trechos mais cr\u00edticos de rodovias cortam sete estados: Santa Catarina (22), Minas Gerais (16), S\u00e3o Paulo (11), Paran\u00e1 (10), Rio de Janeiro (10), Pernambuco (7) e Bahia (3). Al\u00e9m disso, h\u00e1 outros trechos considerados cr\u00edticos em rodovias federais que cortam o Distrito Federal, Goi\u00e1s, a Para\u00edba, Rio Grande do Norte e o Rio Grande do Sul.<\/p>\n\n\n\n<figure class=\"wp-block-image size-full\"><img decoding=\"async\" src=\"https:\/\/radiostudiow.com.br\/site\/wp-content\/uploads\/2025\/02\/SITE-E-TV.png\" alt=\"\" class=\"wp-image-33896\"\/><\/figure>\n\n\n\n<h2 class=\"wp-block-heading\">Campanha de Preven\u00e7\u00e3o<\/h2>\n\n\n\n<p>A fiscaliza\u00e7\u00e3o receber\u00e1 o refor\u00e7o de uma campanha elaborada pela Secretaria Nacional sobre Drogas e Gest\u00e3o de Ativos (Senad), do Minist\u00e9rio da Justi\u00e7a e Seguran\u00e7a P\u00fablica. O objetivo \u00e9 alertar e conscientizar a popula\u00e7\u00e3o em geral sobre os riscos associados ao uso de \u00e1lcool com dire\u00e7\u00e3o.<\/p>\n\n\n\n<h2 class=\"wp-block-heading\">Estat\u00edsticas<\/h2>\n\n\n\n<p>No ano passado, houve 3.855 acidentes de tr\u00e2nsito, com 194 mortes e mais de 3,1 mil feridos, decorrentes de situa\u00e7\u00f5es envolvendo embriaguez ao volante. No mesmo per\u00edodo, a PRF prendeu em flagrante mais de 4 mil motoristas alcoolizados.<\/p>\n","protected":false},"excerpt":{"rendered":"<p>A Pol\u00edcia Rodovi\u00e1ria Federal (PRF) lan\u00e7ou nesta quarta-feira (19) a Opera\u00e7\u00e3o RodoVida \u2013 Carnaval 2025, que visa intensificar a fiscaliza\u00e7\u00e3o nas estradas federais do pa\u00eds durante o per\u00edodo de feriado prolongado. As a\u00e7\u00f5es come\u00e7am em 24 de fevereiro e v\u00e3o at\u00e9 6 de mar\u00e7o. A fiscaliza\u00e7\u00e3o ser\u00e1 mais rigorosa, com um efetivo de 2,7 mil [&hellip;]<\/p>\n","protected":false},"author":2,"featured_media":34502,"comment_status":"open","ping_status":"open","sticky":false,"template":"","format":"standard","meta":{"footnotes":""},"categories":[2],"tags":[172],"class_list":["post-34500","post","type-post","status-publish","format-standard","has-post-thumbnail","hentry","category-policial","tag-featured"],"amp_enabled":true,"_links":{"self":[{"href":"https:\/\/radiostudiow.com.br\/site\/wp-json\/wp\/v2\/posts\/34500","targetHints":{"allow":["GET"]}}],"collection":[{"href":"https:\/\/radiostudiow.com.br\/site\/wp-json\/wp\/v2\/posts"}],"about":[{"href":"https:\/\/radiostudiow.com.br\/site\/wp-json\/wp\/v2\/types\/post"}],"author":[{"embeddable":true,"href":"https:\/\/radiostudiow.com.br\/site\/wp-json\/wp\/v2\/users\/2"}],"replies":[{"embeddable":true,"href":"https:\/\/radiostudiow.com.br\/site\/wp-json\/wp\/v2\/comments?post=34500"}],"version-history":[{"count":1,"href":"https:\/\/radiostudiow.com.br\/site\/wp-json\/wp\/v2\/posts\/34500\/revisions"}],"predecessor-version":[{"id":34503,"href":"https:\/\/radiostudiow.com.br\/site\/wp-json\/wp\/v2\/posts\/34500\/revisions\/34503"}],"wp:featuredmedia":[{"embeddable":true,"href":"https:\/\/radiostudiow.com.br\/site\/wp-json\/wp\/v2\/media\/34502"}],"wp:attachment":[{"href":"https:\/\/radiostudiow.com.br\/site\/wp-json\/wp\/v2\/media?parent=34500"}],"wp:term":[{"taxonomy":"category","embeddable":true,"href":"https:\/\/radiostudiow.com.br\/site\/wp-json\/wp\/v2\/categories?post=34500"},{"taxonomy":"post_tag","embeddable":true,"href":"https:\/\/radiostudiow.com.br\/site\/wp-json\/wp\/v2\/tags?post=34500"}],"curies":[{"name":"wp","href":"https:\/\/api.w.org\/{rel}","templated":true}]}}