{"id":34510,"date":"2025-02-21T09:06:09","date_gmt":"2025-02-21T12:06:09","guid":{"rendered":"https:\/\/radiostudiow.com.br\/site\/?p=34510"},"modified":"2025-02-21T09:06:10","modified_gmt":"2025-02-21T12:06:10","slug":"homem-com-mandado-de-prisao-por-estupro-de-vulneravel-e-preso-no-bairro-jardim-emilia-em-mallet","status":"publish","type":"post","link":"https:\/\/radiostudiow.com.br\/site\/2025\/02\/21\/homem-com-mandado-de-prisao-por-estupro-de-vulneravel-e-preso-no-bairro-jardim-emilia-em-mallet\/","title":{"rendered":"Homem com mandado de pris\u00e3o por estupro de vulner\u00e1vel \u00e9 preso no bairro Jardim Em\u00edlia em Mallet"},"content":{"rendered":"\n<p>Na manh\u00e3 desta quinta-feira (20), um homem foi preso no bairro Jardim Em\u00edlia, na cidade de Mallet, ap\u00f3s abordagem da equipe policial durante patrulhamento de rotina.<\/p>\n\n\n\n<p>Contra ele, havia um mandado de pris\u00e3o em aberto pelo crime de estupro de vulner\u00e1vel.<\/p>\n\n\n\n<p>A pris\u00e3o ocorreu por volta das 10h20, quando os policiais identificaram o suspeito, j\u00e1 conhecido pelas autoridades.<\/p>\n\n\n\n<figure class=\"wp-block-image size-full\"><img loading=\"lazy\" decoding=\"async\" width=\"897\" height=\"204\" src=\"https:\/\/radiostudiow.com.br\/site\/wp-content\/uploads\/2025\/02\/SITE-GRANDE7.png\" alt=\"\" class=\"wp-image-33861\" srcset=\"https:\/\/radiostudiow.com.br\/site\/wp-content\/uploads\/2025\/02\/SITE-GRANDE7.png 897w, https:\/\/radiostudiow.com.br\/site\/wp-content\/uploads\/2025\/02\/SITE-GRANDE7-300x68.png 300w, https:\/\/radiostudiow.com.br\/site\/wp-content\/uploads\/2025\/02\/SITE-GRANDE7-768x175.png 768w\" sizes=\"auto, (max-width: 897px) 100vw, 897px\" \/><\/figure>\n\n\n\n<p>Durante a abordagem, foi dada voz de pris\u00e3o e, ap\u00f3s a leitura de seus direitos constitucionais, o indiv\u00edduo foi encaminhado ao Departamento de Pol\u00edcia Penal (Deppen) de Uni\u00e3o da Vit\u00f3ria para os procedimentos legais.<\/p>\n\n\n\n<p>A identidade do preso n\u00e3o foi divulgada.<\/p>\n\n\n\n<p>Tanto a Pol\u00edcia Militar do 3\u00ba Pelot\u00e3o aqui de Mallet, bem como a Policia Civil da 10\u00aa DRP refor\u00e7am a import\u00e2ncia da colabora\u00e7\u00e3o da popula\u00e7\u00e3o para a identifica\u00e7\u00e3o e captura de foragidos da Justi\u00e7a, ressaltando que den\u00fancias podem ser feitas de forma an\u00f4nima pelos canais oficiais.<\/p>\n\n\n\n<figure class=\"wp-block-image size-full\"><img loading=\"lazy\" decoding=\"async\" width=\"897\" height=\"204\" src=\"https:\/\/radiostudiow.com.br\/site\/wp-content\/uploads\/2025\/01\/SITE-GRANDE5.png\" alt=\"\" class=\"wp-image-32814\" srcset=\"https:\/\/radiostudiow.com.br\/site\/wp-content\/uploads\/2025\/01\/SITE-GRANDE5.png 897w, https:\/\/radiostudiow.com.br\/site\/wp-content\/uploads\/2025\/01\/SITE-GRANDE5-300x68.png 300w, https:\/\/radiostudiow.com.br\/site\/wp-content\/uploads\/2025\/01\/SITE-GRANDE5-768x175.png 768w\" sizes=\"auto, (max-width: 897px) 100vw, 897px\" \/><\/figure>\n","protected":false},"excerpt":{"rendered":"<p>Na manh\u00e3 desta quinta-feira (20), um homem foi preso no bairro Jardim Em\u00edlia, na cidade de Mallet, ap\u00f3s abordagem da equipe policial durante patrulhamento de rotina. Contra ele, havia um mandado de pris\u00e3o em aberto pelo crime de estupro de vulner\u00e1vel. A pris\u00e3o ocorreu por volta das 10h20, quando os policiais identificaram o suspeito, j\u00e1 [&hellip;]<\/p>\n","protected":false},"author":2,"featured_media":34163,"comment_status":"open","ping_status":"open","sticky":false,"template":"","format":"standard","meta":{"footnotes":""},"categories":[2],"tags":[172],"class_list":["post-34510","post","type-post","status-publish","format-standard","has-post-thumbnail","hentry","category-policial","tag-featured"],"amp_enabled":true,"_links":{"self":[{"href":"https:\/\/radiostudiow.com.br\/site\/wp-json\/wp\/v2\/posts\/34510","targetHints":{"allow":["GET"]}}],"collection":[{"href":"https:\/\/radiostudiow.com.br\/site\/wp-json\/wp\/v2\/posts"}],"about":[{"href":"https:\/\/radiostudiow.com.br\/site\/wp-json\/wp\/v2\/types\/post"}],"author":[{"embeddable":true,"href":"https:\/\/radiostudiow.com.br\/site\/wp-json\/wp\/v2\/users\/2"}],"replies":[{"embeddable":true,"href":"https:\/\/radiostudiow.com.br\/site\/wp-json\/wp\/v2\/comments?post=34510"}],"version-history":[{"count":1,"href":"https:\/\/radiostudiow.com.br\/site\/wp-json\/wp\/v2\/posts\/34510\/revisions"}],"predecessor-version":[{"id":34511,"href":"https:\/\/radiostudiow.com.br\/site\/wp-json\/wp\/v2\/posts\/34510\/revisions\/34511"}],"wp:featuredmedia":[{"embeddable":true,"href":"https:\/\/radiostudiow.com.br\/site\/wp-json\/wp\/v2\/media\/34163"}],"wp:attachment":[{"href":"https:\/\/radiostudiow.com.br\/site\/wp-json\/wp\/v2\/media?parent=34510"}],"wp:term":[{"taxonomy":"category","embeddable":true,"href":"https:\/\/radiostudiow.com.br\/site\/wp-json\/wp\/v2\/categories?post=34510"},{"taxonomy":"post_tag","embeddable":true,"href":"https:\/\/radiostudiow.com.br\/site\/wp-json\/wp\/v2\/tags?post=34510"}],"curies":[{"name":"wp","href":"https:\/\/api.w.org\/{rel}","templated":true}]}}