{"id":34512,"date":"2025-02-21T09:31:15","date_gmt":"2025-02-21T12:31:15","guid":{"rendered":"https:\/\/radiostudiow.com.br\/site\/?p=34512"},"modified":"2025-02-21T09:31:15","modified_gmt":"2025-02-21T12:31:15","slug":"pcpr-apreende-adolescentes-investigados-por-estupro-em-uniao-da-vitoria","status":"publish","type":"post","link":"https:\/\/radiostudiow.com.br\/site\/2025\/02\/21\/pcpr-apreende-adolescentes-investigados-por-estupro-em-uniao-da-vitoria\/","title":{"rendered":"PCPR apreende adolescentes investigados por estupro em Uni\u00e3o da Vit\u00f3ria"},"content":{"rendered":"\n<p>A Pol\u00edcia Civil do Paran\u00e1 apreendeu dois adolescentes, de 16 e 17 anos, investigados pela pr\u00e1tica do crime de estupro contra uma adolescente de 16 anos. A a\u00e7\u00e3o aconteceu nesta ter\u00e7a-feira, 18 de fevereiro, em Uni\u00e3o da Vit\u00f3ria e foi repassada para imprensa nessa sexta-feira (21).<\/p>\n\n\n\n<figure class=\"wp-block-image size-full\"><img loading=\"lazy\" decoding=\"async\" width=\"897\" height=\"204\" src=\"https:\/\/radiostudiow.com.br\/site\/wp-content\/uploads\/2025\/01\/SITE-GRANDE.png\" alt=\"\" class=\"wp-image-32809\" srcset=\"https:\/\/radiostudiow.com.br\/site\/wp-content\/uploads\/2025\/01\/SITE-GRANDE.png 897w, https:\/\/radiostudiow.com.br\/site\/wp-content\/uploads\/2025\/01\/SITE-GRANDE-300x68.png 300w, https:\/\/radiostudiow.com.br\/site\/wp-content\/uploads\/2025\/01\/SITE-GRANDE-768x175.png 768w\" sizes=\"auto, (max-width: 897px) 100vw, 897px\" \/><\/figure>\n\n\n\n<p>O crime aconteceu no domingo, 09 de fevereiro. Os adolescentes chamaram a v\u00edtima para uma festa, onde a embriagaram e a drogaram. Aproveitando sua condi\u00e7\u00e3o, ambos cometeram os abusos contra ela.<\/p>\n\n\n\n<p>A a\u00e7\u00e3o foi realizada ap\u00f3s dilig\u00eancias que resultaram na identifica\u00e7\u00e3o e localiza\u00e7\u00e3o dos envolvidos.<\/p>\n\n\n\n<p>De acordo com o delegado da PCPR Thiers Andregotti, os adolescentes foram apreendidos e encaminhados para interna\u00e7\u00e3o provis\u00f3ria, conforme determina\u00e7\u00e3o judicial.<\/p>\n\n\n\n<blockquote class=\"wp-block-quote is-layout-flow wp-block-quote-is-layout-flow\">\n<p><em>\u201cA PCPR segue com as investiga\u00e7\u00f5es para esclarecer todos os detalhes do caso e refor\u00e7a seu compromisso no combate \u00e0 viol\u00eancia sexual, garantindo a seguran\u00e7a e o amparo \u00e0s v\u00edtimas\u201d, explica.<\/em><\/p>\n<\/blockquote>\n\n\n\n<figure class=\"wp-block-image size-full\"><img decoding=\"async\" src=\"https:\/\/radiostudiow.com.br\/site\/wp-content\/uploads\/2025\/02\/SITE-E-TV.png\" alt=\"\" class=\"wp-image-33896\"\/><\/figure>\n\n\n\n<p><strong>DEN\u00daNCIAS \u2013<\/strong>&nbsp;A PCPR refor\u00e7a o compromisso com a prote\u00e7\u00e3o de crian\u00e7as, adolescentes e mulheres v\u00edtimas de viol\u00eancia. Den\u00fancias podem ser repassadas de forma an\u00f4nima pelos telefones 197, da PCPR ou 181, do Disque-Den\u00fancia.<\/p>\n\n\n\n<p>Se o crime estiver acontecendo neste momento, a Pol\u00edcia Militar deve ser acionada pelo telefone 190.<\/p>\n","protected":false},"excerpt":{"rendered":"<p>A Pol\u00edcia Civil do Paran\u00e1 apreendeu dois adolescentes, de 16 e 17 anos, investigados pela pr\u00e1tica do crime de estupro contra uma adolescente de 16 anos. A a\u00e7\u00e3o aconteceu nesta ter\u00e7a-feira, 18 de fevereiro, em Uni\u00e3o da Vit\u00f3ria e foi repassada para imprensa nessa sexta-feira (21). O crime aconteceu no domingo, 09 de fevereiro. Os [&hellip;]<\/p>\n","protected":false},"author":2,"featured_media":27710,"comment_status":"open","ping_status":"open","sticky":false,"template":"","format":"standard","meta":{"footnotes":""},"categories":[2],"tags":[172],"class_list":["post-34512","post","type-post","status-publish","format-standard","has-post-thumbnail","hentry","category-policial","tag-featured"],"amp_enabled":true,"_links":{"self":[{"href":"https:\/\/radiostudiow.com.br\/site\/wp-json\/wp\/v2\/posts\/34512","targetHints":{"allow":["GET"]}}],"collection":[{"href":"https:\/\/radiostudiow.com.br\/site\/wp-json\/wp\/v2\/posts"}],"about":[{"href":"https:\/\/radiostudiow.com.br\/site\/wp-json\/wp\/v2\/types\/post"}],"author":[{"embeddable":true,"href":"https:\/\/radiostudiow.com.br\/site\/wp-json\/wp\/v2\/users\/2"}],"replies":[{"embeddable":true,"href":"https:\/\/radiostudiow.com.br\/site\/wp-json\/wp\/v2\/comments?post=34512"}],"version-history":[{"count":1,"href":"https:\/\/radiostudiow.com.br\/site\/wp-json\/wp\/v2\/posts\/34512\/revisions"}],"predecessor-version":[{"id":34513,"href":"https:\/\/radiostudiow.com.br\/site\/wp-json\/wp\/v2\/posts\/34512\/revisions\/34513"}],"wp:featuredmedia":[{"embeddable":true,"href":"https:\/\/radiostudiow.com.br\/site\/wp-json\/wp\/v2\/media\/27710"}],"wp:attachment":[{"href":"https:\/\/radiostudiow.com.br\/site\/wp-json\/wp\/v2\/media?parent=34512"}],"wp:term":[{"taxonomy":"category","embeddable":true,"href":"https:\/\/radiostudiow.com.br\/site\/wp-json\/wp\/v2\/categories?post=34512"},{"taxonomy":"post_tag","embeddable":true,"href":"https:\/\/radiostudiow.com.br\/site\/wp-json\/wp\/v2\/tags?post=34512"}],"curies":[{"name":"wp","href":"https:\/\/api.w.org\/{rel}","templated":true}]}}