{"id":34514,"date":"2025-02-21T09:33:52","date_gmt":"2025-02-21T12:33:52","guid":{"rendered":"https:\/\/radiostudiow.com.br\/site\/?p=34514"},"modified":"2025-02-21T09:33:53","modified_gmt":"2025-02-21T12:33:53","slug":"ipva-2025-segunda-parcela-para-placas-de-finais-3-e-4-vence-nesta-sexta-feira-21","status":"publish","type":"post","link":"https:\/\/radiostudiow.com.br\/site\/2025\/02\/21\/ipva-2025-segunda-parcela-para-placas-de-finais-3-e-4-vence-nesta-sexta-feira-21\/","title":{"rendered":"IPVA 2025: segunda parcela para placas de finais 3 e 4 vence nesta sexta-feira (21)"},"content":{"rendered":"\n<p>A segunda parcela do Imposto sobre a Propriedade de Ve\u00edculos Automotores (IPVA) 2025 para propriet\u00e1rios de ve\u00edculos com final de placa 3 e 4 vence nesta sexta-feira (21). Em todo o Paran\u00e1, mais de 2,8 milh\u00f5es de carros, caminh\u00f5es e motocicletas optaram pelo parcelamento em cinco vezes, segundo dados da Receita Estadual.<\/p>\n\n\n\n<figure class=\"wp-block-image size-full\"><img loading=\"lazy\" decoding=\"async\" width=\"897\" height=\"204\" src=\"https:\/\/radiostudiow.com.br\/site\/wp-content\/uploads\/2025\/01\/SITE-GRANDE3.png\" alt=\"\" class=\"wp-image-32900\" srcset=\"https:\/\/radiostudiow.com.br\/site\/wp-content\/uploads\/2025\/01\/SITE-GRANDE3.png 897w, https:\/\/radiostudiow.com.br\/site\/wp-content\/uploads\/2025\/01\/SITE-GRANDE3-300x68.png 300w, https:\/\/radiostudiow.com.br\/site\/wp-content\/uploads\/2025\/01\/SITE-GRANDE3-768x175.png 768w\" sizes=\"auto, (max-width: 897px) 100vw, 897px\" \/><\/figure>\n\n\n\n<p>Isso corresponde a cerca de 71% dos mais de 4 milh\u00f5es de ve\u00edculos tributados em todo o Estado. Para esses propriet\u00e1rios, \u00e9 fundamental acompanhar os prazos de vencimento, que variam conforme o final da placa do ve\u00edculo.<\/p>\n\n\n\n<p>Para esta segunda parcela, as datas de vencimento variam entre 20 e 26 de fevereiro, a depender do final da placa.&nbsp;<\/p>\n\n\n\n<p><strong>Finais 1 e 2<\/strong>: 20\/02&nbsp;(vencido)<\/p>\n\n\n\n<p><strong>Finais 3 e 4<\/strong>: 21\/02<\/p>\n\n\n\n<p><strong>Finais 5 e 6<\/strong>: 24\/02<\/p>\n\n\n\n<p><strong>Finais 7 e 8<\/strong>: 25\/02<\/p>\n\n\n\n<p><strong>Finais 9 e 0<\/strong>: 26\/02<\/p>\n\n\n\n<p><strong>\u00c0 VISTA<\/strong>&nbsp;\u2013 Desde o \u00faltimo 30 de janeiro, os propriet\u00e1rios de ve\u00edculos n\u00e3o t\u00eam mais a op\u00e7\u00e3o de fazer o pagamento do IPVA 2025 em cota \u00fanica \u2014 ou seja, sem a possibilidade de aproveitar o desconto de 6% oferecido a quem fizesse a quita\u00e7\u00e3o do imposto \u00e0 vista. Ao todo, 1,1 milh\u00e3o de motoristas aproveitaram o benef\u00edcio neste ano.<\/p>\n\n\n\n<figure class=\"wp-block-image size-full\"><img loading=\"lazy\" decoding=\"async\" width=\"897\" height=\"204\" src=\"https:\/\/radiostudiow.com.br\/site\/wp-content\/uploads\/2025\/01\/SITE-GRANDE4.png\" alt=\"\" class=\"wp-image-32888\" srcset=\"https:\/\/radiostudiow.com.br\/site\/wp-content\/uploads\/2025\/01\/SITE-GRANDE4.png 897w, https:\/\/radiostudiow.com.br\/site\/wp-content\/uploads\/2025\/01\/SITE-GRANDE4-300x68.png 300w, https:\/\/radiostudiow.com.br\/site\/wp-content\/uploads\/2025\/01\/SITE-GRANDE4-768x175.png 768w\" sizes=\"auto, (max-width: 897px) 100vw, 897px\" \/><\/figure>\n\n\n\n<p><strong>COMO PAGAR<\/strong>&nbsp;\u2013 As guias do IPVA no Paran\u00e1 n\u00e3o s\u00e3o mais enviadas pelos correios aos endere\u00e7os dos contribuintes. Assim, para fazer o pagamento, os propriet\u00e1rios devem acessar o&nbsp;<strong><a href=\"https:\/\/www.contribuinte.fazenda.pr.gov.br\/ipva\/faces\/home;jsessionid=Cu4lHtBu9DzPRDb-P9ShDg8SZMLSjdXBNYuSM8OxhrQ9qeYlu8lh!654559475\" target=\"_blank\" rel=\"noreferrer noopener\">Portal do IPVA<\/a><\/strong>&nbsp;ou o&nbsp;<strong><a href=\"https:\/\/arrecadacao.fazenda.pr.gov.br\/\" target=\"_blank\" rel=\"noreferrer noopener\">Portal de Pagamentos de Tributos<\/a><\/strong>&nbsp;para gerar as guias. Outra possibilidade \u00e9 o uso do aplicativo Servi\u00e7os R\u00e1pidos, da Receita Estadual, dispon\u00edvel para&nbsp;<strong><a href=\"https:\/\/play.google.com\/store\/apps\/details?id=br.gov.pr.celepar.receita.servicos&amp;pli=1\" target=\"_blank\" rel=\"noreferrer noopener\">Android<\/a><\/strong>&nbsp;e&nbsp;<strong><a href=\"https:\/\/apps.apple.com\/br\/app\/receita-paran%C3%A1\/id1613796501\" target=\"_blank\" rel=\"noreferrer noopener\">iOS<\/a><\/strong>.<\/p>\n\n\n\n<p>A recomenda\u00e7\u00e3o \u00e9 que o contribuinte acesse diretamente os canais oficiais, evitando clicar em links enviados por e-mail ou mensagens. Tamb\u00e9m \u00e9 aconselhado evitar plataformas de buscas, j\u00e1 que muitos sites falsos se aproveitam de ferramentas de impulsionamento para aparecerem nos primeiros resultados. Ao acessar uma p\u00e1gina, o ideal \u00e9 sempre garantir que ele termine com a extens\u00e3o \u201c<strong>pr.gov.br<\/strong>\u201d.<\/p>\n\n\n\n<p>Outra dica importante \u00e9 sempre conferir o destinat\u00e1rio do pagamento, seja pela guia quanto no pagamento via Pix. No caso, a informa\u00e7\u00e3o que deve constar \u00e9 sempre \u201cGoverno do Paran\u00e1 Secretaria de Estado da Fazenda\u201d.<\/p>\n","protected":false},"excerpt":{"rendered":"<p>A segunda parcela do Imposto sobre a Propriedade de Ve\u00edculos Automotores (IPVA) 2025 para propriet\u00e1rios de ve\u00edculos com final de placa 3 e 4 vence nesta sexta-feira (21). Em todo o Paran\u00e1, mais de 2,8 milh\u00f5es de carros, caminh\u00f5es e motocicletas optaram pelo parcelamento em cinco vezes, segundo dados da Receita Estadual. Isso corresponde a [&hellip;]<\/p>\n","protected":false},"author":2,"featured_media":33138,"comment_status":"open","ping_status":"open","sticky":false,"template":"","format":"standard","meta":{"footnotes":""},"categories":[7],"tags":[172],"class_list":["post-34514","post","type-post","status-publish","format-standard","has-post-thumbnail","hentry","category-geral","tag-featured"],"amp_enabled":true,"_links":{"self":[{"href":"https:\/\/radiostudiow.com.br\/site\/wp-json\/wp\/v2\/posts\/34514","targetHints":{"allow":["GET"]}}],"collection":[{"href":"https:\/\/radiostudiow.com.br\/site\/wp-json\/wp\/v2\/posts"}],"about":[{"href":"https:\/\/radiostudiow.com.br\/site\/wp-json\/wp\/v2\/types\/post"}],"author":[{"embeddable":true,"href":"https:\/\/radiostudiow.com.br\/site\/wp-json\/wp\/v2\/users\/2"}],"replies":[{"embeddable":true,"href":"https:\/\/radiostudiow.com.br\/site\/wp-json\/wp\/v2\/comments?post=34514"}],"version-history":[{"count":1,"href":"https:\/\/radiostudiow.com.br\/site\/wp-json\/wp\/v2\/posts\/34514\/revisions"}],"predecessor-version":[{"id":34515,"href":"https:\/\/radiostudiow.com.br\/site\/wp-json\/wp\/v2\/posts\/34514\/revisions\/34515"}],"wp:featuredmedia":[{"embeddable":true,"href":"https:\/\/radiostudiow.com.br\/site\/wp-json\/wp\/v2\/media\/33138"}],"wp:attachment":[{"href":"https:\/\/radiostudiow.com.br\/site\/wp-json\/wp\/v2\/media?parent=34514"}],"wp:term":[{"taxonomy":"category","embeddable":true,"href":"https:\/\/radiostudiow.com.br\/site\/wp-json\/wp\/v2\/categories?post=34514"},{"taxonomy":"post_tag","embeddable":true,"href":"https:\/\/radiostudiow.com.br\/site\/wp-json\/wp\/v2\/tags?post=34514"}],"curies":[{"name":"wp","href":"https:\/\/api.w.org\/{rel}","templated":true}]}}