{"id":34516,"date":"2025-02-21T09:42:50","date_gmt":"2025-02-21T12:42:50","guid":{"rendered":"https:\/\/radiostudiow.com.br\/site\/?p=34516"},"modified":"2025-02-21T09:43:14","modified_gmt":"2025-02-21T12:43:14","slug":"homem-e-preso-por-ameacar-a-convivente-em-uniao-da-vitoria","status":"publish","type":"post","link":"https:\/\/radiostudiow.com.br\/site\/2025\/02\/21\/homem-e-preso-por-ameacar-a-convivente-em-uniao-da-vitoria\/","title":{"rendered":"Homem \u00e9 preso por amea\u00e7ar a convivente em Uni\u00e3o da Vit\u00f3ria"},"content":{"rendered":"\n<p>Uma mulher compareceu ao Pelot\u00e3o da Pol\u00edcia Militar de Uni\u00e3o da Vit\u00f3ria relatando que momentos antes havia sido amea\u00e7ada por seu convivente.<\/p>\n\n\n\n<p>A situa\u00e7\u00e3o foi registrada no bairro Nossa Senhora Salete por volta das 11 horas dessa quinta-feira (20).<\/p>\n\n\n\n<figure class=\"wp-block-image size-full\"><img loading=\"lazy\" decoding=\"async\" width=\"598\" height=\"204\" src=\"https:\/\/radiostudiow.com.br\/site\/wp-content\/uploads\/2025\/01\/SITE-MEDIO3.png\" alt=\"\" class=\"wp-image-32815\" srcset=\"https:\/\/radiostudiow.com.br\/site\/wp-content\/uploads\/2025\/01\/SITE-MEDIO3.png 598w, https:\/\/radiostudiow.com.br\/site\/wp-content\/uploads\/2025\/01\/SITE-MEDIO3-300x102.png 300w\" sizes=\"auto, (max-width: 598px) 100vw, 598px\" \/><\/figure>\n\n\n\n<p>A v\u00edtima afirmou aos policias que temia por sua integridade f\u00edsica, pois possivelmente o autor ainda estaria na resid\u00eancia. Diante de tais informa\u00e7\u00f5es a equipe deslocou at\u00e9 a casa onde o casal mora e encontrou o autor.<\/p>\n\n\n\n<p>A equipe diante da vontade de representa\u00e7\u00e3o da v\u00edtima, deu voz de pris\u00e3o ao autor e as partes foram encaminhadas at\u00e9 a 4\u00b0 SDP para os procedimentos cab\u00edveis.<\/p>\n\n\n\n<p><\/p>\n","protected":false},"excerpt":{"rendered":"<p>Uma mulher compareceu ao Pelot\u00e3o da Pol\u00edcia Militar de Uni\u00e3o da Vit\u00f3ria relatando que momentos antes havia sido amea\u00e7ada por seu convivente. A situa\u00e7\u00e3o foi registrada no bairro Nossa Senhora Salete por volta das 11 horas dessa quinta-feira (20). A v\u00edtima afirmou aos policias que temia por sua integridade f\u00edsica, pois possivelmente o autor ainda [&hellip;]<\/p>\n","protected":false},"author":2,"featured_media":33923,"comment_status":"open","ping_status":"open","sticky":false,"template":"","format":"standard","meta":{"footnotes":""},"categories":[2],"tags":[172],"class_list":["post-34516","post","type-post","status-publish","format-standard","has-post-thumbnail","hentry","category-policial","tag-featured"],"amp_enabled":true,"_links":{"self":[{"href":"https:\/\/radiostudiow.com.br\/site\/wp-json\/wp\/v2\/posts\/34516","targetHints":{"allow":["GET"]}}],"collection":[{"href":"https:\/\/radiostudiow.com.br\/site\/wp-json\/wp\/v2\/posts"}],"about":[{"href":"https:\/\/radiostudiow.com.br\/site\/wp-json\/wp\/v2\/types\/post"}],"author":[{"embeddable":true,"href":"https:\/\/radiostudiow.com.br\/site\/wp-json\/wp\/v2\/users\/2"}],"replies":[{"embeddable":true,"href":"https:\/\/radiostudiow.com.br\/site\/wp-json\/wp\/v2\/comments?post=34516"}],"version-history":[{"count":2,"href":"https:\/\/radiostudiow.com.br\/site\/wp-json\/wp\/v2\/posts\/34516\/revisions"}],"predecessor-version":[{"id":34520,"href":"https:\/\/radiostudiow.com.br\/site\/wp-json\/wp\/v2\/posts\/34516\/revisions\/34520"}],"wp:featuredmedia":[{"embeddable":true,"href":"https:\/\/radiostudiow.com.br\/site\/wp-json\/wp\/v2\/media\/33923"}],"wp:attachment":[{"href":"https:\/\/radiostudiow.com.br\/site\/wp-json\/wp\/v2\/media?parent=34516"}],"wp:term":[{"taxonomy":"category","embeddable":true,"href":"https:\/\/radiostudiow.com.br\/site\/wp-json\/wp\/v2\/categories?post=34516"},{"taxonomy":"post_tag","embeddable":true,"href":"https:\/\/radiostudiow.com.br\/site\/wp-json\/wp\/v2\/tags?post=34516"}],"curies":[{"name":"wp","href":"https:\/\/api.w.org\/{rel}","templated":true}]}}