{"id":34517,"date":"2025-02-21T10:27:56","date_gmt":"2025-02-21T13:27:56","guid":{"rendered":"https:\/\/radiostudiow.com.br\/site\/?p=34517"},"modified":"2025-02-21T10:27:56","modified_gmt":"2025-02-21T13:27:56","slug":"pm-prende-traficante-pelado-em-flagrante-no-bairro-vila-mariana-em-mallet","status":"publish","type":"post","link":"https:\/\/radiostudiow.com.br\/site\/2025\/02\/21\/pm-prende-traficante-pelado-em-flagrante-no-bairro-vila-mariana-em-mallet\/","title":{"rendered":"PM prende traficante pelado em flagrante no bairro Vila Mariana, em Mallet"},"content":{"rendered":"\n<p><\/p>\n\n\n\n<h2 class=\"wp-block-heading\">Ele estava  nu na rua e solicitou ajuda relatando que apanhou de alguns indiv\u00edduos e teriam deixado ele sem roupas. Ao chegar \u00e0 sua resid\u00eancia ao abrir a porta, os policiais visualizaram uma expressiva quantia de maconha sobre a mesa.<\/h2>\n\n\n\n<figure class=\"wp-block-image size-full\"><img loading=\"lazy\" decoding=\"async\" width=\"598\" height=\"204\" src=\"https:\/\/radiostudiow.com.br\/site\/wp-content\/uploads\/2025\/01\/SITE-MEDIO2.png\" alt=\"\" class=\"wp-image-32844\" srcset=\"https:\/\/radiostudiow.com.br\/site\/wp-content\/uploads\/2025\/01\/SITE-MEDIO2.png 598w, https:\/\/radiostudiow.com.br\/site\/wp-content\/uploads\/2025\/01\/SITE-MEDIO2-300x102.png 300w\" sizes=\"auto, (max-width: 598px) 100vw, 598px\" \/><\/figure>\n\n\n\n<p>Na noite desta quinta-feira (20), por volta das 22h00, \u00e0 equipe policial de Mallet, pertencente \u00e0 2\u00aa Cia do 3\u00ba Pelot\u00e3o Cabo Abr\u00e3o Kanclarovicz, prendeu um homem por tr\u00e1fico de drogas.<\/p>\n\n\n\n<p>A a\u00e7\u00e3o ocorreu quando os policiais prestavam apoio a um indiv\u00edduo que foi encontrado deitado nu nas proximidades das Ruas Estefano Baran com a Olavo Bilac, No conjunto Habitacional Irm\u00e3 Dulce.<\/p>\n\n\n\n<figure class=\"wp-block-image size-full\"><img loading=\"lazy\" decoding=\"async\" width=\"897\" height=\"204\" src=\"https:\/\/radiostudiow.com.br\/site\/wp-content\/uploads\/2025\/01\/SITE-GRANDE2.png\" alt=\"\" class=\"wp-image-32805\" srcset=\"https:\/\/radiostudiow.com.br\/site\/wp-content\/uploads\/2025\/01\/SITE-GRANDE2.png 897w, https:\/\/radiostudiow.com.br\/site\/wp-content\/uploads\/2025\/01\/SITE-GRANDE2-300x68.png 300w, https:\/\/radiostudiow.com.br\/site\/wp-content\/uploads\/2025\/01\/SITE-GRANDE2-768x175.png 768w\" sizes=\"auto, (max-width: 897px) 100vw, 897px\" \/><\/figure>\n\n\n\n<p>O homem relatou ter sido agredido por desconhecidos. Ao ser levado \u00e0 resid\u00eancia desta ent\u00e3o v\u00edtima no Bairro Vila Mariana, ao abrir a porta, os policiais visualizaram uma expressiva quantia de maconha sobre a mesa.<\/p>\n\n\n\n<p>Diante da evid\u00eancia, foi dada voz de pris\u00e3o em flagrante ao suspeito, que teve seus direitos constitucionais lidos e foi encaminhado \u00e0 4\u00aa Subdivis\u00e3o Policial (SDP) de Uni\u00e3o da Vit\u00f3ria para os procedimentos legais.<\/p>\n\n\n\n<p>Segundo informa\u00e7\u00f5es obtidas atrav\u00e9s do disque-den\u00fancia 181, a resid\u00eancia j\u00e1 havia sido alvo de diversas den\u00fancias relacionadas ao tr\u00e1fico de drogas, o que refor\u00e7ou a a\u00e7\u00e3o policial.<\/p>\n\n\n\n<figure class=\"wp-block-image size-full\"><img decoding=\"async\" src=\"https:\/\/radiostudiow.com.br\/site\/wp-content\/uploads\/2025\/02\/SITE-E-TV.png\" alt=\"\" class=\"wp-image-33896\"\/><\/figure>\n","protected":false},"excerpt":{"rendered":"<p>Ele estava nu na rua e solicitou ajuda relatando que apanhou de alguns indiv\u00edduos e teriam deixado ele sem roupas. Ao chegar \u00e0 sua resid\u00eancia ao abrir a porta, os policiais visualizaram uma expressiva quantia de maconha sobre a mesa. Na noite desta quinta-feira (20), por volta das 22h00, \u00e0 equipe policial de Mallet, pertencente [&hellip;]<\/p>\n","protected":false},"author":2,"featured_media":34529,"comment_status":"open","ping_status":"open","sticky":false,"template":"","format":"standard","meta":{"footnotes":""},"categories":[2],"tags":[172],"class_list":["post-34517","post","type-post","status-publish","format-standard","has-post-thumbnail","hentry","category-policial","tag-featured"],"amp_enabled":true,"_links":{"self":[{"href":"https:\/\/radiostudiow.com.br\/site\/wp-json\/wp\/v2\/posts\/34517","targetHints":{"allow":["GET"]}}],"collection":[{"href":"https:\/\/radiostudiow.com.br\/site\/wp-json\/wp\/v2\/posts"}],"about":[{"href":"https:\/\/radiostudiow.com.br\/site\/wp-json\/wp\/v2\/types\/post"}],"author":[{"embeddable":true,"href":"https:\/\/radiostudiow.com.br\/site\/wp-json\/wp\/v2\/users\/2"}],"replies":[{"embeddable":true,"href":"https:\/\/radiostudiow.com.br\/site\/wp-json\/wp\/v2\/comments?post=34517"}],"version-history":[{"count":1,"href":"https:\/\/radiostudiow.com.br\/site\/wp-json\/wp\/v2\/posts\/34517\/revisions"}],"predecessor-version":[{"id":34531,"href":"https:\/\/radiostudiow.com.br\/site\/wp-json\/wp\/v2\/posts\/34517\/revisions\/34531"}],"wp:featuredmedia":[{"embeddable":true,"href":"https:\/\/radiostudiow.com.br\/site\/wp-json\/wp\/v2\/media\/34529"}],"wp:attachment":[{"href":"https:\/\/radiostudiow.com.br\/site\/wp-json\/wp\/v2\/media?parent=34517"}],"wp:term":[{"taxonomy":"category","embeddable":true,"href":"https:\/\/radiostudiow.com.br\/site\/wp-json\/wp\/v2\/categories?post=34517"},{"taxonomy":"post_tag","embeddable":true,"href":"https:\/\/radiostudiow.com.br\/site\/wp-json\/wp\/v2\/tags?post=34517"}],"curies":[{"name":"wp","href":"https:\/\/api.w.org\/{rel}","templated":true}]}}