{"id":34521,"date":"2025-02-21T10:00:26","date_gmt":"2025-02-21T13:00:26","guid":{"rendered":"https:\/\/radiostudiow.com.br\/site\/?p=34521"},"modified":"2025-02-21T10:00:26","modified_gmt":"2025-02-21T13:00:26","slug":"ex-nora-e-presa-por-descumprir-decisao-judicial-em-uniao-da-vitoria","status":"publish","type":"post","link":"https:\/\/radiostudiow.com.br\/site\/2025\/02\/21\/ex-nora-e-presa-por-descumprir-decisao-judicial-em-uniao-da-vitoria\/","title":{"rendered":"Ex-nora \u00e9 presa por Descumprir Decis\u00e3o Judicial em Uni\u00e3o da Vit\u00f3ria"},"content":{"rendered":"\n<p>A equipe da Pol\u00edcia Militar de Uni\u00e3o da Vit\u00f3ria foi acionada para se deslocar at\u00e9 o bairro S\u00e3o Braz para verificar uma situa\u00e7\u00e3o de descumprimento de Medida Protetiva deUrg\u00eancia por volta das 20 horas dessa quinta-feira (20).<\/p>\n\n\n\n<figure class=\"wp-block-image size-full\"><img loading=\"lazy\" decoding=\"async\" width=\"598\" height=\"204\" src=\"https:\/\/radiostudiow.com.br\/site\/wp-content\/uploads\/2025\/01\/SITE-MEDIO7.png\" alt=\"\" class=\"wp-image-32801\" srcset=\"https:\/\/radiostudiow.com.br\/site\/wp-content\/uploads\/2025\/01\/SITE-MEDIO7.png 598w, https:\/\/radiostudiow.com.br\/site\/wp-content\/uploads\/2025\/01\/SITE-MEDIO7-300x102.png 300w\" sizes=\"auto, (max-width: 598px) 100vw, 598px\" \/><\/figure>\n\n\n\n<p>No local, os policiais entraram em conversa com a v\u00edtima idosa que tem uma referida medida protetiva contra sua ex-nora que \u00e9 dependente qu\u00edmica. A autora foi at\u00e9 sua resid\u00eancia e proferiu xingamentos.<\/p>\n\n\n\n<p>A equipe policial localizou a autora e deu voz de pris\u00e3o pelo flagrante crime de Descumprimento de Medida Protetiva. As partes foram conduzidas at\u00e9 a 4\u00aa SDP para as provid\u00eancias de Pol\u00edcia Judici\u00e1ria.<\/p>\n","protected":false},"excerpt":{"rendered":"<p>A equipe da Pol\u00edcia Militar de Uni\u00e3o da Vit\u00f3ria foi acionada para se deslocar at\u00e9 o bairro S\u00e3o Braz para verificar uma situa\u00e7\u00e3o de descumprimento de Medida Protetiva deUrg\u00eancia por volta das 20 horas dessa quinta-feira (20). No local, os policiais entraram em conversa com a v\u00edtima idosa que tem uma referida medida protetiva contra [&hellip;]<\/p>\n","protected":false},"author":2,"featured_media":32793,"comment_status":"open","ping_status":"open","sticky":false,"template":"","format":"standard","meta":{"footnotes":""},"categories":[2],"tags":[172],"class_list":["post-34521","post","type-post","status-publish","format-standard","has-post-thumbnail","hentry","category-policial","tag-featured"],"amp_enabled":true,"_links":{"self":[{"href":"https:\/\/radiostudiow.com.br\/site\/wp-json\/wp\/v2\/posts\/34521","targetHints":{"allow":["GET"]}}],"collection":[{"href":"https:\/\/radiostudiow.com.br\/site\/wp-json\/wp\/v2\/posts"}],"about":[{"href":"https:\/\/radiostudiow.com.br\/site\/wp-json\/wp\/v2\/types\/post"}],"author":[{"embeddable":true,"href":"https:\/\/radiostudiow.com.br\/site\/wp-json\/wp\/v2\/users\/2"}],"replies":[{"embeddable":true,"href":"https:\/\/radiostudiow.com.br\/site\/wp-json\/wp\/v2\/comments?post=34521"}],"version-history":[{"count":2,"href":"https:\/\/radiostudiow.com.br\/site\/wp-json\/wp\/v2\/posts\/34521\/revisions"}],"predecessor-version":[{"id":34523,"href":"https:\/\/radiostudiow.com.br\/site\/wp-json\/wp\/v2\/posts\/34521\/revisions\/34523"}],"wp:featuredmedia":[{"embeddable":true,"href":"https:\/\/radiostudiow.com.br\/site\/wp-json\/wp\/v2\/media\/32793"}],"wp:attachment":[{"href":"https:\/\/radiostudiow.com.br\/site\/wp-json\/wp\/v2\/media?parent=34521"}],"wp:term":[{"taxonomy":"category","embeddable":true,"href":"https:\/\/radiostudiow.com.br\/site\/wp-json\/wp\/v2\/categories?post=34521"},{"taxonomy":"post_tag","embeddable":true,"href":"https:\/\/radiostudiow.com.br\/site\/wp-json\/wp\/v2\/tags?post=34521"}],"curies":[{"name":"wp","href":"https:\/\/api.w.org\/{rel}","templated":true}]}}