{"id":34524,"date":"2025-02-21T10:06:47","date_gmt":"2025-02-21T13:06:47","guid":{"rendered":"https:\/\/radiostudiow.com.br\/site\/?p=34524"},"modified":"2025-02-21T10:06:48","modified_gmt":"2025-02-21T13:06:48","slug":"pm-de-uniao-da-vitoria-prende-homem-com-mandado-de-prisao-por-roubo","status":"publish","type":"post","link":"https:\/\/radiostudiow.com.br\/site\/2025\/02\/21\/pm-de-uniao-da-vitoria-prende-homem-com-mandado-de-prisao-por-roubo\/","title":{"rendered":"PM de Uni\u00e3o da Vit\u00f3ria prende homem com Mandado de Pris\u00e3o por roubo"},"content":{"rendered":"\n<p>A equipe da Pol\u00edcia Militar de Uni\u00e3o da Vit\u00f3ria estava em patrulhamento pelo bairro S\u00e3o Bas\u00edlio Magno por volta das 20h30min dessa quinta-feira, 20 de fevereiro, quando realiziu a pris\u00e3o.<\/p>\n\n\n\n<p>Os policiais avistaram um homem que tinha um mandado de pris\u00e3o pelo crime de roubo em seu desfavor. Foi dado voz de pris\u00e3o e conduzido ate a Cadeia P\u00fablica de Uni\u00e3oda Vitoria.<\/p>\n\n\n\n<figure class=\"wp-block-image size-full\"><img loading=\"lazy\" decoding=\"async\" width=\"598\" height=\"204\" src=\"https:\/\/radiostudiow.com.br\/site\/wp-content\/uploads\/2025\/01\/SITE-MEDIO2.png\" alt=\"\" class=\"wp-image-32844\" srcset=\"https:\/\/radiostudiow.com.br\/site\/wp-content\/uploads\/2025\/01\/SITE-MEDIO2.png 598w, https:\/\/radiostudiow.com.br\/site\/wp-content\/uploads\/2025\/01\/SITE-MEDIO2-300x102.png 300w\" sizes=\"auto, (max-width: 598px) 100vw, 598px\" \/><\/figure>\n","protected":false},"excerpt":{"rendered":"<p>A equipe da Pol\u00edcia Militar de Uni\u00e3o da Vit\u00f3ria estava em patrulhamento pelo bairro S\u00e3o Bas\u00edlio Magno por volta das 20h30min dessa quinta-feira, 20 de fevereiro, quando realiziu a pris\u00e3o. Os policiais avistaram um homem que tinha um mandado de pris\u00e3o pelo crime de roubo em seu desfavor. Foi dado voz de pris\u00e3o e conduzido [&hellip;]<\/p>\n","protected":false},"author":2,"featured_media":29740,"comment_status":"open","ping_status":"open","sticky":false,"template":"","format":"standard","meta":{"footnotes":""},"categories":[2],"tags":[172],"class_list":["post-34524","post","type-post","status-publish","format-standard","has-post-thumbnail","hentry","category-policial","tag-featured"],"amp_enabled":true,"_links":{"self":[{"href":"https:\/\/radiostudiow.com.br\/site\/wp-json\/wp\/v2\/posts\/34524","targetHints":{"allow":["GET"]}}],"collection":[{"href":"https:\/\/radiostudiow.com.br\/site\/wp-json\/wp\/v2\/posts"}],"about":[{"href":"https:\/\/radiostudiow.com.br\/site\/wp-json\/wp\/v2\/types\/post"}],"author":[{"embeddable":true,"href":"https:\/\/radiostudiow.com.br\/site\/wp-json\/wp\/v2\/users\/2"}],"replies":[{"embeddable":true,"href":"https:\/\/radiostudiow.com.br\/site\/wp-json\/wp\/v2\/comments?post=34524"}],"version-history":[{"count":1,"href":"https:\/\/radiostudiow.com.br\/site\/wp-json\/wp\/v2\/posts\/34524\/revisions"}],"predecessor-version":[{"id":34525,"href":"https:\/\/radiostudiow.com.br\/site\/wp-json\/wp\/v2\/posts\/34524\/revisions\/34525"}],"wp:featuredmedia":[{"embeddable":true,"href":"https:\/\/radiostudiow.com.br\/site\/wp-json\/wp\/v2\/media\/29740"}],"wp:attachment":[{"href":"https:\/\/radiostudiow.com.br\/site\/wp-json\/wp\/v2\/media?parent=34524"}],"wp:term":[{"taxonomy":"category","embeddable":true,"href":"https:\/\/radiostudiow.com.br\/site\/wp-json\/wp\/v2\/categories?post=34524"},{"taxonomy":"post_tag","embeddable":true,"href":"https:\/\/radiostudiow.com.br\/site\/wp-json\/wp\/v2\/tags?post=34524"}],"curies":[{"name":"wp","href":"https:\/\/api.w.org\/{rel}","templated":true}]}}