{"id":34526,"date":"2025-02-21T10:20:38","date_gmt":"2025-02-21T13:20:38","guid":{"rendered":"https:\/\/radiostudiow.com.br\/site\/?p=34526"},"modified":"2025-02-21T10:20:39","modified_gmt":"2025-02-21T13:20:39","slug":"homem-e-detido-por-trafico-de-drogas-em-uniao-da-vitoria-2","status":"publish","type":"post","link":"https:\/\/radiostudiow.com.br\/site\/2025\/02\/21\/homem-e-detido-por-trafico-de-drogas-em-uniao-da-vitoria-2\/","title":{"rendered":"Homem \u00e9 detido por tr\u00e1fico de drogas em Uni\u00e3o da Vit\u00f3ria"},"content":{"rendered":"\n<p>A equipe da ROTAM de Uni\u00e3o da Vit\u00f3ria prendeu homem por tr\u00e1fico de drogas no bairro Panorama por volta das 17h30min dessa quinta-feira (20).<\/p>\n\n\n\n<figure class=\"wp-block-image size-full\"><img loading=\"lazy\" decoding=\"async\" width=\"598\" height=\"204\" src=\"https:\/\/radiostudiow.com.br\/site\/wp-content\/uploads\/2025\/01\/SITE-MEDIO.png\" alt=\"\" class=\"wp-image-32810\" srcset=\"https:\/\/radiostudiow.com.br\/site\/wp-content\/uploads\/2025\/01\/SITE-MEDIO.png 598w, https:\/\/radiostudiow.com.br\/site\/wp-content\/uploads\/2025\/01\/SITE-MEDIO-300x102.png 300w\" sizes=\"auto, (max-width: 598px) 100vw, 598px\" \/><\/figure>\n\n\n\n<p>O homem foi abordado e durante busca pessoal foi localizado dentro de sua carteira uma inv\u00f3lucro pl\u00e1stico com coca\u00edna.<\/p>\n\n\n\n<p>O autor foi informado de seus direitosconstitucionais, inclusive de permanecer em sil\u00eancio, foi detido e conduzido at\u00e9 a ao cart\u00f3rio do 27\u00baBPM para a confec\u00e7\u00e3o de Termo Circunstanciado pela posse da droga il\u00edcita.<\/p>\n","protected":false},"excerpt":{"rendered":"<p>A equipe da ROTAM de Uni\u00e3o da Vit\u00f3ria prendeu homem por tr\u00e1fico de drogas no bairro Panorama por volta das 17h30min dessa quinta-feira (20). O homem foi abordado e durante busca pessoal foi localizado dentro de sua carteira uma inv\u00f3lucro pl\u00e1stico com coca\u00edna. O autor foi informado de seus direitosconstitucionais, inclusive de permanecer em sil\u00eancio, [&hellip;]<\/p>\n","protected":false},"author":2,"featured_media":33740,"comment_status":"open","ping_status":"open","sticky":false,"template":"","format":"standard","meta":{"footnotes":""},"categories":[2],"tags":[172],"class_list":["post-34526","post","type-post","status-publish","format-standard","has-post-thumbnail","hentry","category-policial","tag-featured"],"amp_enabled":true,"_links":{"self":[{"href":"https:\/\/radiostudiow.com.br\/site\/wp-json\/wp\/v2\/posts\/34526","targetHints":{"allow":["GET"]}}],"collection":[{"href":"https:\/\/radiostudiow.com.br\/site\/wp-json\/wp\/v2\/posts"}],"about":[{"href":"https:\/\/radiostudiow.com.br\/site\/wp-json\/wp\/v2\/types\/post"}],"author":[{"embeddable":true,"href":"https:\/\/radiostudiow.com.br\/site\/wp-json\/wp\/v2\/users\/2"}],"replies":[{"embeddable":true,"href":"https:\/\/radiostudiow.com.br\/site\/wp-json\/wp\/v2\/comments?post=34526"}],"version-history":[{"count":1,"href":"https:\/\/radiostudiow.com.br\/site\/wp-json\/wp\/v2\/posts\/34526\/revisions"}],"predecessor-version":[{"id":34527,"href":"https:\/\/radiostudiow.com.br\/site\/wp-json\/wp\/v2\/posts\/34526\/revisions\/34527"}],"wp:featuredmedia":[{"embeddable":true,"href":"https:\/\/radiostudiow.com.br\/site\/wp-json\/wp\/v2\/media\/33740"}],"wp:attachment":[{"href":"https:\/\/radiostudiow.com.br\/site\/wp-json\/wp\/v2\/media?parent=34526"}],"wp:term":[{"taxonomy":"category","embeddable":true,"href":"https:\/\/radiostudiow.com.br\/site\/wp-json\/wp\/v2\/categories?post=34526"},{"taxonomy":"post_tag","embeddable":true,"href":"https:\/\/radiostudiow.com.br\/site\/wp-json\/wp\/v2\/tags?post=34526"}],"curies":[{"name":"wp","href":"https:\/\/api.w.org\/{rel}","templated":true}]}}