{"id":3453,"date":"2021-08-30T17:41:06","date_gmt":"2021-08-30T20:41:06","guid":{"rendered":"https:\/\/radiostudiow.com.br\/site\/?p=3453"},"modified":"2025-01-31T15:12:29","modified_gmt":"2025-01-31T18:12:29","slug":"mulher-teve-parte-de-seu-salario-furtado-de-dentro-do-carro-de-sao-mateus-do-sul","status":"publish","type":"post","link":"https:\/\/radiostudiow.com.br\/site\/2021\/08\/30\/mulher-teve-parte-de-seu-salario-furtado-de-dentro-do-carro-de-sao-mateus-do-sul\/","title":{"rendered":"Mulher teve parte do sal\u00e1rio furtado de dentro do carro em S\u00e3o Mateus do Sul"},"content":{"rendered":"\n<p>Por volta das 18:30 horas desse domingo, 29 de agosto, a equipe da Pol\u00edcia Militar de S\u00e3o Mateus do Sul foi acionada por uma senhora, a qual afirmava ser v\u00edtima de furto na localidade Vila Pinheirinho.<\/p>\n\n\n\n<p>De acordo com a v\u00edtima, ela teve parte de seu sal\u00e1rio furtado de dentro do carro, por aproximadamente R$ 1.000,00 (mil reais).<\/p>\n\n\n\n<p>A mulher informou que teria estacionado o ve\u00edculo em frente \u00e0 resid\u00eancia e que teria desembarcado com a filha menor no colo e ido at\u00e9 a casa, ficou dentro da resid\u00eancia por um per\u00edodo de 20 minutos, quando foi alertada pelo marido que o ve\u00edculo estaria com a luz ligada e a porta semiaberta.<\/p>\n\n\n\n<p>A senhora informou que retornou at\u00e9 o ve\u00edculo para fechar a porta e percebeu que a frente remov\u00edvel do r\u00e1dio estava no assoalho do ve\u00edculo, momento em que pegou a carteira e sentiu falta do dinheiro que estava dentro.<\/p>\n\n\n\n<p>A equipe policial orientada a v\u00edtima quanto \u00e0s provid\u00eancias cab\u00edveis.<\/p>\n\n\n\n<figure class=\"wp-block-image size-large\"><img decoding=\"async\" src=\"https:\/\/radiostudiow.com.br\/site\/wp-content\/uploads\/2021\/08\/plantaohiper-984x1024.jpg\" alt=\"\" class=\"wp-image-3423\"\/><\/figure>\n","protected":false},"excerpt":{"rendered":"<p>Por volta das 18:30 horas desse domingo, 29 de agosto, a equipe da Pol\u00edcia Militar de S\u00e3o Mateus do Sul foi acionada por uma senhora, a qual afirmava ser v\u00edtima de furto na localidade Vila Pinheirinho. De acordo com a v\u00edtima, ela teve parte de seu sal\u00e1rio furtado de dentro do carro, por aproximadamente R$ [&hellip;]<\/p>\n","protected":false},"author":2,"featured_media":0,"comment_status":"open","ping_status":"open","sticky":false,"template":"","format":"standard","meta":{"footnotes":""},"categories":[2],"tags":[172],"class_list":["post-3453","post","type-post","status-publish","format-standard","hentry","category-policial","tag-featured"],"amp_enabled":true,"_links":{"self":[{"href":"https:\/\/radiostudiow.com.br\/site\/wp-json\/wp\/v2\/posts\/3453","targetHints":{"allow":["GET"]}}],"collection":[{"href":"https:\/\/radiostudiow.com.br\/site\/wp-json\/wp\/v2\/posts"}],"about":[{"href":"https:\/\/radiostudiow.com.br\/site\/wp-json\/wp\/v2\/types\/post"}],"author":[{"embeddable":true,"href":"https:\/\/radiostudiow.com.br\/site\/wp-json\/wp\/v2\/users\/2"}],"replies":[{"embeddable":true,"href":"https:\/\/radiostudiow.com.br\/site\/wp-json\/wp\/v2\/comments?post=3453"}],"version-history":[{"count":3,"href":"https:\/\/radiostudiow.com.br\/site\/wp-json\/wp\/v2\/posts\/3453\/revisions"}],"predecessor-version":[{"id":3457,"href":"https:\/\/radiostudiow.com.br\/site\/wp-json\/wp\/v2\/posts\/3453\/revisions\/3457"}],"wp:attachment":[{"href":"https:\/\/radiostudiow.com.br\/site\/wp-json\/wp\/v2\/media?parent=3453"}],"wp:term":[{"taxonomy":"category","embeddable":true,"href":"https:\/\/radiostudiow.com.br\/site\/wp-json\/wp\/v2\/categories?post=3453"},{"taxonomy":"post_tag","embeddable":true,"href":"https:\/\/radiostudiow.com.br\/site\/wp-json\/wp\/v2\/tags?post=3453"}],"curies":[{"name":"wp","href":"https:\/\/api.w.org\/{rel}","templated":true}]}}