{"id":34532,"date":"2025-02-21T19:01:45","date_gmt":"2025-02-21T22:01:45","guid":{"rendered":"https:\/\/radiostudiow.com.br\/site\/?p=34532"},"modified":"2025-02-21T19:01:52","modified_gmt":"2025-02-21T22:01:52","slug":"prf-apreende-cinco-toneladas-de-maconha","status":"publish","type":"post","link":"https:\/\/radiostudiow.com.br\/site\/2025\/02\/21\/prf-apreende-cinco-toneladas-de-maconha\/","title":{"rendered":"PRF apreende cinco toneladas de maconha em Guarapuava"},"content":{"rendered":"\n<p>A Pol\u00edcia Rodovi\u00e1ria Federal (PRF) apreendeu 5.258 quilos de maconha durante uma fiscaliza\u00e7\u00e3o na BR-277, em Guarapuava (PR), na noite de quinta-feira (20).<\/p>\n\n\n\n<p>O condutor do caminh\u00e3o, um homem de 43 anos, demonstrou nervosismo durante a abordagem e n\u00e3o possu\u00eda a nota fiscal da carga, o que motivou uma fiscaliza\u00e7\u00e3o detalhada no ve\u00edculo.<\/p>\n\n\n\n<figure class=\"wp-block-image size-full\"><img loading=\"lazy\" decoding=\"async\" width=\"897\" height=\"204\" src=\"https:\/\/radiostudiow.com.br\/site\/wp-content\/uploads\/2025\/01\/SITE-GRANDE2.png\" alt=\"\" class=\"wp-image-32805\" srcset=\"https:\/\/radiostudiow.com.br\/site\/wp-content\/uploads\/2025\/01\/SITE-GRANDE2.png 897w, https:\/\/radiostudiow.com.br\/site\/wp-content\/uploads\/2025\/01\/SITE-GRANDE2-300x68.png 300w, https:\/\/radiostudiow.com.br\/site\/wp-content\/uploads\/2025\/01\/SITE-GRANDE2-768x175.png 768w\" sizes=\"auto, (max-width: 897px) 100vw, 897px\" \/><\/figure>\n\n\n\n<p>Ap\u00f3s a abertura do compartilhamento de carga, foi constatado que o ve\u00edculo estava carregado com grande quantidade de maconha em formato de tabletes e skunk em sacos.<\/p>\n\n\n\n<p>O motorista foi detido e a ocorr\u00eancia foi encaminhada \u00e0 Delegacia da Pol\u00edcia Federal de Guarapuava para o registro do crime de tr\u00e1fico de drogas.<\/p>\n","protected":false},"excerpt":{"rendered":"<p>A Pol\u00edcia Rodovi\u00e1ria Federal (PRF) apreendeu 5.258 quilos de maconha durante uma fiscaliza\u00e7\u00e3o na BR-277, em Guarapuava (PR), na noite de quinta-feira (20). O condutor do caminh\u00e3o, um homem de 43 anos, demonstrou nervosismo durante a abordagem e n\u00e3o possu\u00eda a nota fiscal da carga, o que motivou uma fiscaliza\u00e7\u00e3o detalhada no ve\u00edculo. Ap\u00f3s a [&hellip;]<\/p>\n","protected":false},"author":2,"featured_media":34533,"comment_status":"open","ping_status":"open","sticky":false,"template":"","format":"standard","meta":{"footnotes":""},"categories":[2],"tags":[172],"class_list":["post-34532","post","type-post","status-publish","format-standard","has-post-thumbnail","hentry","category-policial","tag-featured"],"amp_enabled":true,"_links":{"self":[{"href":"https:\/\/radiostudiow.com.br\/site\/wp-json\/wp\/v2\/posts\/34532","targetHints":{"allow":["GET"]}}],"collection":[{"href":"https:\/\/radiostudiow.com.br\/site\/wp-json\/wp\/v2\/posts"}],"about":[{"href":"https:\/\/radiostudiow.com.br\/site\/wp-json\/wp\/v2\/types\/post"}],"author":[{"embeddable":true,"href":"https:\/\/radiostudiow.com.br\/site\/wp-json\/wp\/v2\/users\/2"}],"replies":[{"embeddable":true,"href":"https:\/\/radiostudiow.com.br\/site\/wp-json\/wp\/v2\/comments?post=34532"}],"version-history":[{"count":2,"href":"https:\/\/radiostudiow.com.br\/site\/wp-json\/wp\/v2\/posts\/34532\/revisions"}],"predecessor-version":[{"id":34535,"href":"https:\/\/radiostudiow.com.br\/site\/wp-json\/wp\/v2\/posts\/34532\/revisions\/34535"}],"wp:featuredmedia":[{"embeddable":true,"href":"https:\/\/radiostudiow.com.br\/site\/wp-json\/wp\/v2\/media\/34533"}],"wp:attachment":[{"href":"https:\/\/radiostudiow.com.br\/site\/wp-json\/wp\/v2\/media?parent=34532"}],"wp:term":[{"taxonomy":"category","embeddable":true,"href":"https:\/\/radiostudiow.com.br\/site\/wp-json\/wp\/v2\/categories?post=34532"},{"taxonomy":"post_tag","embeddable":true,"href":"https:\/\/radiostudiow.com.br\/site\/wp-json\/wp\/v2\/tags?post=34532"}],"curies":[{"name":"wp","href":"https:\/\/api.w.org\/{rel}","templated":true}]}}