{"id":34542,"date":"2025-02-22T09:14:51","date_gmt":"2025-02-22T12:14:51","guid":{"rendered":"https:\/\/radiostudiow.com.br\/site\/?p=34542"},"modified":"2025-02-22T09:14:52","modified_gmt":"2025-02-22T12:14:52","slug":"capotamento-mobiliza-equipes-de-resgate-em-sao-mateus-do-sul","status":"publish","type":"post","link":"https:\/\/radiostudiow.com.br\/site\/2025\/02\/22\/capotamento-mobiliza-equipes-de-resgate-em-sao-mateus-do-sul\/","title":{"rendered":"Capotamento mobiliza equipes de resgate em S\u00e3o Mateus do Sul"},"content":{"rendered":"\n<p>Na noite desta sexta-feira, 21, uma equipe do Servi\u00e7o de Atendimento M\u00f3vel de Urg\u00eancia (SAMU) foi acionada para prestar socorro a um capotamento ocorrido nas proximidades do posto desativado da Pol\u00edcia Rodovi\u00e1ria Federal (PRF).<\/p>\n\n\n\n<figure class=\"wp-block-image size-full\"><img loading=\"lazy\" decoding=\"async\" width=\"598\" height=\"204\" src=\"https:\/\/radiostudiow.com.br\/site\/wp-content\/uploads\/2025\/01\/SITE-MEDIO7.png\" alt=\"\" class=\"wp-image-32801\" srcset=\"https:\/\/radiostudiow.com.br\/site\/wp-content\/uploads\/2025\/01\/SITE-MEDIO7.png 598w, https:\/\/radiostudiow.com.br\/site\/wp-content\/uploads\/2025\/01\/SITE-MEDIO7-300x102.png 300w\" sizes=\"auto, (max-width: 598px) 100vw, 598px\" \/><\/figure>\n\n\n\n<p>No local, os socorristas atenderam duas v\u00edtimas que estavam em um ve\u00edculo Fiat Cronos. Apesar do impacto, ambas recusaram encaminhamento m\u00e9dico, assinando o termo de recusa de atendimento e sendo liberadas no local.<\/p>\n\n\n\n<p>A Pol\u00edcia Militar tamb\u00e9m foi acionada para prestar apoio \u00e0 ocorr\u00eancia, enquanto uma equipe da PRF foi mobilizada para investigar as causas do acidente. Segundo relatos das v\u00edtimas, o ve\u00edculo teria capotado ap\u00f3s subir em uma mureta. As circunst\u00e2ncias do ocorrido seguem sob apura\u00e7\u00e3o das autoridades.<\/p>\n\n\n\n<p><a href=\"mailto:?subject=Capotamento%20mobiliza%20equipes%20de%20resgate%20em%20S%C3%A3o%20Mateus%20do%20Sul&amp;body=https:\/\/www.vvale.com.br\/geral\/capotamento-mobiliza-equipes-de-resgate-em-sao-mateus-do-sul\/\" target=\"_blank\" rel=\"noreferrer noopener\"><\/a><\/p>\n","protected":false},"excerpt":{"rendered":"<p>Na noite desta sexta-feira, 21, uma equipe do Servi\u00e7o de Atendimento M\u00f3vel de Urg\u00eancia (SAMU) foi acionada para prestar socorro a um capotamento ocorrido nas proximidades do posto desativado da Pol\u00edcia Rodovi\u00e1ria Federal (PRF). No local, os socorristas atenderam duas v\u00edtimas que estavam em um ve\u00edculo Fiat Cronos. Apesar do impacto, ambas recusaram encaminhamento m\u00e9dico, [&hellip;]<\/p>\n","protected":false},"author":2,"featured_media":34543,"comment_status":"open","ping_status":"open","sticky":false,"template":"","format":"standard","meta":{"footnotes":""},"categories":[185],"tags":[172],"class_list":["post-34542","post","type-post","status-publish","format-standard","has-post-thumbnail","hentry","category-regional","tag-featured"],"amp_enabled":true,"_links":{"self":[{"href":"https:\/\/radiostudiow.com.br\/site\/wp-json\/wp\/v2\/posts\/34542","targetHints":{"allow":["GET"]}}],"collection":[{"href":"https:\/\/radiostudiow.com.br\/site\/wp-json\/wp\/v2\/posts"}],"about":[{"href":"https:\/\/radiostudiow.com.br\/site\/wp-json\/wp\/v2\/types\/post"}],"author":[{"embeddable":true,"href":"https:\/\/radiostudiow.com.br\/site\/wp-json\/wp\/v2\/users\/2"}],"replies":[{"embeddable":true,"href":"https:\/\/radiostudiow.com.br\/site\/wp-json\/wp\/v2\/comments?post=34542"}],"version-history":[{"count":1,"href":"https:\/\/radiostudiow.com.br\/site\/wp-json\/wp\/v2\/posts\/34542\/revisions"}],"predecessor-version":[{"id":34544,"href":"https:\/\/radiostudiow.com.br\/site\/wp-json\/wp\/v2\/posts\/34542\/revisions\/34544"}],"wp:featuredmedia":[{"embeddable":true,"href":"https:\/\/radiostudiow.com.br\/site\/wp-json\/wp\/v2\/media\/34543"}],"wp:attachment":[{"href":"https:\/\/radiostudiow.com.br\/site\/wp-json\/wp\/v2\/media?parent=34542"}],"wp:term":[{"taxonomy":"category","embeddable":true,"href":"https:\/\/radiostudiow.com.br\/site\/wp-json\/wp\/v2\/categories?post=34542"},{"taxonomy":"post_tag","embeddable":true,"href":"https:\/\/radiostudiow.com.br\/site\/wp-json\/wp\/v2\/tags?post=34542"}],"curies":[{"name":"wp","href":"https:\/\/api.w.org\/{rel}","templated":true}]}}