{"id":34546,"date":"2025-02-22T10:05:31","date_gmt":"2025-02-22T13:05:31","guid":{"rendered":"https:\/\/radiostudiow.com.br\/site\/?p=34546"},"modified":"2025-03-03T15:44:40","modified_gmt":"2025-03-03T18:44:40","slug":"governo-federal-determina-suspensao-de-linhas-de-credito-rural-subsidiadas-pelo-tesouro-nacional-a-partir-desta-sexta-feira-21","status":"publish","type":"post","link":"https:\/\/radiostudiow.com.br\/site\/2025\/02\/22\/governo-federal-determina-suspensao-de-linhas-de-credito-rural-subsidiadas-pelo-tesouro-nacional-a-partir-desta-sexta-feira-21\/","title":{"rendered":"Governo Federal determina suspens\u00e3o de linhas de cr\u00e9dito rural subsidiadas pelo Tesouro Nacional a partir desta sexta-feira (21)"},"content":{"rendered":"\n<p><em><strong>Fonte: <a href=\"https:\/\/colmeia.am.br\/\">Colmeia.am.br<\/a> \/ Via Not\u00edcias Agr\u00edcolas<\/strong><\/em><\/p>\n\n\n\n<p>Uma portaria da Secretaria do Tesouro Nacional determinou que, a partir desta sexta-feira (21), n\u00e3o sejam mais contratadas opera\u00e7\u00f5es de cr\u00e9dito rural que se utilizem de subs\u00eddio do Tesouro Nacional. Foram preservadas apenas as linhas de custeio do Pronaf (Programa Nacional de Fortalecimento da Agricultura Familiar), com todos os outros investimentos do programa tendo sido suspensas.&nbsp;<\/p>\n\n\n\n<p><em>\u201cO fundamento da medida \u00e9 simples: o Governo Federal entende que n\u00e3o vai ter mais dinheiro para cr\u00e9dito rural. O Pronaf Custeio est\u00e1 preservado, as demais modalidades entram no corte\u201d, <strong>explica o advogado agrarista Francisco Torma.<\/strong> \u201cEssa medida afeta, inclusive, pequenos produtores rurais, familiares que dependem desse subs\u00eddio para a equaliza\u00e7\u00e3o dos juros e assim produzem alimento mais barato\u201d.&nbsp;<\/em><\/p>\n\n\n\n<figure class=\"wp-block-image size-full\"><img loading=\"lazy\" decoding=\"async\" width=\"897\" height=\"204\" src=\"https:\/\/radiostudiow.com.br\/site\/wp-content\/uploads\/2025\/01\/SITE-GRANDE2.png\" alt=\"\" class=\"wp-image-32805\" srcset=\"https:\/\/radiostudiow.com.br\/site\/wp-content\/uploads\/2025\/01\/SITE-GRANDE2.png 897w, https:\/\/radiostudiow.com.br\/site\/wp-content\/uploads\/2025\/01\/SITE-GRANDE2-300x68.png 300w, https:\/\/radiostudiow.com.br\/site\/wp-content\/uploads\/2025\/01\/SITE-GRANDE2-768x175.png 768w\" sizes=\"auto, (max-width: 897px) 100vw, 897px\" \/><\/figure>\n\n\n\n<p>No documento que foi enviado \u00e0s institui\u00e7\u00f5es financeiras consta os detalhes que justificam a suspens\u00e3o, diante do aumento dos gastos, inclusive pelo aumento da taxa b\u00e1sica de juros, a Selic, atualmente em 13,25%. Para o pr\u00f3ximo m\u00eas, as expectativas do mercado s\u00e3o de que o Copom (Comit\u00ea de Pol\u00edtica Monet\u00e1ria) possa elev\u00e1-la a 14,25%.&nbsp;<\/p>\n\n\n\n<p><em><strong>\u201cDevido \u00e0 divulga\u00e7\u00e3o de nova grade de par\u00e2metros oficial pela Secretaria de Pol\u00edtica Econ\u00f4mica no in\u00edcio do presente m\u00eas e ao recebimento de informa\u00e7\u00f5es atualizadas da previs\u00e3o de gastos com o estoque de opera\u00e7\u00f5es rurais contratadas com equaliza\u00e7\u00e3o de taxas de juros, as estimativas dos gastos para 2025 com a referida subven\u00e7\u00e3o econ\u00f4mica foram atualizadas, tendo como resultado um aumento relevante dos gastos devido \u00e0 forte eleva\u00e7\u00e3o nos \u00edndices econ\u00f4micos que comp\u00f5em os custos das fontes em rela\u00e7\u00e3o aos utilizados na confec\u00e7\u00e3o do Projeto de Lei Or\u00e7ament\u00e1ria \u2014 PLOA 2025, ainda em tramita\u00e7\u00e3o no Congresso Nacional\u201d.<\/strong><\/em><\/p>\n\n\n\n<p>Torma refor\u00e7a que, embora o \u201cdescaso do governo n\u00e3o surpreenda\u201d, o que mais causa estranheza \u00e9 o Governo Federal traga uma medida que atinja, agricultores familiares, a quem foi prometido, durante a corrida presidencial e desde a posse, tratamento diferenciado e cuidadoso a esta classe do agroneg\u00f3cio.&nbsp;<\/p>\n\n\n\n<figure class=\"wp-block-image size-full\"><img decoding=\"async\" src=\"https:\/\/radiostudiow.com.br\/site\/wp-content\/uploads\/2025\/02\/SITE-E-TV.png\" alt=\"\" class=\"wp-image-33896\"\/><\/figure>\n\n\n\n<p>A informa\u00e7\u00e3o foi confirmada por fontes da ModerCred (C\u00e2mara Tem\u00e1tica de Moderniza\u00e7\u00e3o do Cr\u00e9dito e Instrumentos de Gest\u00e3o de Risco do Agroneg\u00f3cio) ouvidas pelo Not\u00edcias Agr\u00edcolas.&nbsp;<\/p>\n\n\n\n<p><em>\u201cA partir de amanh\u00e3 est\u00e1 suspensa a contrata\u00e7\u00e3o de financiamento com recursos equalizados, pelo menos at\u00e9 que o Or\u00e7amento seja aprovado pelo Congresso Nacional. Isso afeta todos os programas de investimento. Penso que o custeio ter\u00e1 somente a taxas livres e muito pouco com recursos dos dep\u00f3sitos \u00e0 vista (Exigibilidades MCR 6-2)\u201d,<strong> afirma a fonte.<\/strong><\/em><\/p>\n\n\n\n<p>O Sistema OCB (Organiza\u00e7\u00e3o das Cooperativas Brasileiras) tamb\u00e9m emitiu um comunicado com orienta\u00e7\u00f5es e detalhes sobre a portaria da Secretaria do Tesouro Nacional. Veja:&nbsp;<\/p>\n\n\n\n<p><strong>Sistema OCB Informa<\/strong><\/p>\n\n\n\n<p>&nbsp;A Secretaria do Tesouro Nacional (STN) determinou \u00e0s institui\u00e7\u00f5es financeiras a suspens\u00e3o de novas contrata\u00e7\u00f5es de financiamentos subvencionados no \u00e2mbito do Plano Safra 2024\/25, a partir do dia 21\/02.<\/p>\n\n\n\n<p>\ufe0f O bloqueio de novos financiamentos com taxas de juros subsidiadas ocorre diante da altera\u00e7\u00e3o dos par\u00e2metros oficiais da SPE\/MF em rela\u00e7\u00e3o ao disp\u00eandio do or\u00e7amento para equaliza\u00e7\u00e3o da taxa de juros no \u00e2mbito do Plano Safra vigente, justificada pelo atraso na vota\u00e7\u00e3o da Lei Or\u00e7ament\u00e1ria Anual 2025 (LOA 2025).<\/p>\n\n\n\n<figure class=\"wp-block-image size-full\"><img loading=\"lazy\" decoding=\"async\" width=\"897\" height=\"204\" src=\"https:\/\/radiostudiow.com.br\/site\/wp-content\/uploads\/2025\/01\/SITE-GRANDE3.png\" alt=\"\" class=\"wp-image-32900\" srcset=\"https:\/\/radiostudiow.com.br\/site\/wp-content\/uploads\/2025\/01\/SITE-GRANDE3.png 897w, https:\/\/radiostudiow.com.br\/site\/wp-content\/uploads\/2025\/01\/SITE-GRANDE3-300x68.png 300w, https:\/\/radiostudiow.com.br\/site\/wp-content\/uploads\/2025\/01\/SITE-GRANDE3-768x175.png 768w\" sizes=\"auto, (max-width: 897px) 100vw, 897px\" \/><\/figure>\n\n\n\n<p>&nbsp;A mudan\u00e7a ocorre em um contexto de aumento relevante dos gastos devido \u00e0 forte eleva\u00e7\u00e3o dos \u00edndices econ\u00f4micos que comp\u00f5em os custos das fontes em rela\u00e7\u00e3o aos que foram utilizados na confec\u00e7\u00e3o do Projeto de Lei Or\u00e7ament\u00e1rio Anual 2025 (PLOA 2025).<\/p>\n\n\n\n<p>&nbsp;Os contingenciamentos, que t\u00eam como exce\u00e7\u00e3o as opera\u00e7\u00f5es de Pronaf custeio, devem ser mantidos at\u00e9 que a pe\u00e7a or\u00e7ament\u00e1ria seja votada pelo Congresso Nacional.<\/p>\n\n\n\n<p>&nbsp;J\u00e1 estamos em contato com os principais agentes atuantes na formula\u00e7\u00e3o da pol\u00edtica agr\u00edcola no governo federal, assim como realizando interlocu\u00e7\u00f5es junto aos parlamentares sobre a vota\u00e7\u00e3o do PLOA 2025 no Congresso.<\/p>\n\n\n\n<p><em><strong>Fonte: <a href=\"https:\/\/colmeia.am.br\/\">Colmeia.am.br<\/a> \/ Via Not\u00edcias Agr\u00edcolas<\/strong><\/em><\/p>\n","protected":false},"excerpt":{"rendered":"<p>Fonte: Colmeia.am.br \/ Via Not\u00edcias Agr\u00edcolas Uma portaria da Secretaria do Tesouro Nacional determinou que, a partir desta sexta-feira (21), n\u00e3o sejam mais contratadas opera\u00e7\u00f5es de cr\u00e9dito rural que se utilizem de subs\u00eddio do Tesouro Nacional. Foram preservadas apenas as linhas de custeio do Pronaf (Programa Nacional de Fortalecimento da Agricultura Familiar), com todos os [&hellip;]<\/p>\n","protected":false},"author":2,"featured_media":34547,"comment_status":"open","ping_status":"open","sticky":false,"template":"","format":"standard","meta":{"footnotes":""},"categories":[7,196],"tags":[172],"class_list":["post-34546","post","type-post","status-publish","format-standard","has-post-thumbnail","hentry","category-geral","category-politica","tag-featured"],"amp_enabled":true,"_links":{"self":[{"href":"https:\/\/radiostudiow.com.br\/site\/wp-json\/wp\/v2\/posts\/34546","targetHints":{"allow":["GET"]}}],"collection":[{"href":"https:\/\/radiostudiow.com.br\/site\/wp-json\/wp\/v2\/posts"}],"about":[{"href":"https:\/\/radiostudiow.com.br\/site\/wp-json\/wp\/v2\/types\/post"}],"author":[{"embeddable":true,"href":"https:\/\/radiostudiow.com.br\/site\/wp-json\/wp\/v2\/users\/2"}],"replies":[{"embeddable":true,"href":"https:\/\/radiostudiow.com.br\/site\/wp-json\/wp\/v2\/comments?post=34546"}],"version-history":[{"count":2,"href":"https:\/\/radiostudiow.com.br\/site\/wp-json\/wp\/v2\/posts\/34546\/revisions"}],"predecessor-version":[{"id":34666,"href":"https:\/\/radiostudiow.com.br\/site\/wp-json\/wp\/v2\/posts\/34546\/revisions\/34666"}],"wp:featuredmedia":[{"embeddable":true,"href":"https:\/\/radiostudiow.com.br\/site\/wp-json\/wp\/v2\/media\/34547"}],"wp:attachment":[{"href":"https:\/\/radiostudiow.com.br\/site\/wp-json\/wp\/v2\/media?parent=34546"}],"wp:term":[{"taxonomy":"category","embeddable":true,"href":"https:\/\/radiostudiow.com.br\/site\/wp-json\/wp\/v2\/categories?post=34546"},{"taxonomy":"post_tag","embeddable":true,"href":"https:\/\/radiostudiow.com.br\/site\/wp-json\/wp\/v2\/tags?post=34546"}],"curies":[{"name":"wp","href":"https:\/\/api.w.org\/{rel}","templated":true}]}}