{"id":34549,"date":"2025-02-22T10:20:25","date_gmt":"2025-02-22T13:20:25","guid":{"rendered":"https:\/\/radiostudiow.com.br\/site\/?p=34549"},"modified":"2025-02-22T10:20:26","modified_gmt":"2025-02-22T13:20:26","slug":"homem-e-preso-por-disparar-arma-no-interior-em-paula-freitas","status":"publish","type":"post","link":"https:\/\/radiostudiow.com.br\/site\/2025\/02\/22\/homem-e-preso-por-disparar-arma-no-interior-em-paula-freitas\/","title":{"rendered":"Homem \u00e9 preso por disparar arma no interior em Paula Freitas"},"content":{"rendered":"\n<p>A equipe da Pol\u00edcia Militar de Paula Freitas recebeu den\u00fancias de que em uma propriedade rural da localidade de Cachoeirinha houve disparos de arma de fogo por volta das 16 horas dessa sexta-feira (21).<\/p>\n\n\n\n<figure class=\"wp-block-image size-full\"><img loading=\"lazy\" decoding=\"async\" width=\"897\" height=\"204\" src=\"https:\/\/radiostudiow.com.br\/site\/wp-content\/uploads\/2025\/02\/SITE-GRANDE7.png\" alt=\"\" class=\"wp-image-33861\" srcset=\"https:\/\/radiostudiow.com.br\/site\/wp-content\/uploads\/2025\/02\/SITE-GRANDE7.png 897w, https:\/\/radiostudiow.com.br\/site\/wp-content\/uploads\/2025\/02\/SITE-GRANDE7-300x68.png 300w, https:\/\/radiostudiow.com.br\/site\/wp-content\/uploads\/2025\/02\/SITE-GRANDE7-768x175.png 768w\" sizes=\"auto, (max-width: 897px) 100vw, 897px\" \/><\/figure>\n\n\n\n<p>No local, ap\u00f3s autorizados pelo dono do terreno, viu o atirador, o qual portava umaarma de fogo do tipo espingarda, viu a equipe policial e largou a arma no ch\u00e3o.<\/p>\n\n\n\n<p>Diante do flagrantedelito foi realizada a abordagem, localizada a arma de fogo no local dado voz de pris\u00e3o e lido seusdireitos constitucionais e conduzido at\u00e9 a 4\u00aa SDP para aprecia\u00e7\u00e3o da autoridade policial juntamentecom a arma e muni\u00e7\u00f5es apreendidas.<\/p>\n","protected":false},"excerpt":{"rendered":"<p>A equipe da Pol\u00edcia Militar de Paula Freitas recebeu den\u00fancias de que em uma propriedade rural da localidade de Cachoeirinha houve disparos de arma de fogo por volta das 16 horas dessa sexta-feira (21). No local, ap\u00f3s autorizados pelo dono do terreno, viu o atirador, o qual portava umaarma de fogo do tipo espingarda, viu [&hellip;]<\/p>\n","protected":false},"author":2,"featured_media":32793,"comment_status":"open","ping_status":"open","sticky":false,"template":"","format":"standard","meta":{"footnotes":""},"categories":[2],"tags":[172],"class_list":["post-34549","post","type-post","status-publish","format-standard","has-post-thumbnail","hentry","category-policial","tag-featured"],"amp_enabled":true,"_links":{"self":[{"href":"https:\/\/radiostudiow.com.br\/site\/wp-json\/wp\/v2\/posts\/34549","targetHints":{"allow":["GET"]}}],"collection":[{"href":"https:\/\/radiostudiow.com.br\/site\/wp-json\/wp\/v2\/posts"}],"about":[{"href":"https:\/\/radiostudiow.com.br\/site\/wp-json\/wp\/v2\/types\/post"}],"author":[{"embeddable":true,"href":"https:\/\/radiostudiow.com.br\/site\/wp-json\/wp\/v2\/users\/2"}],"replies":[{"embeddable":true,"href":"https:\/\/radiostudiow.com.br\/site\/wp-json\/wp\/v2\/comments?post=34549"}],"version-history":[{"count":1,"href":"https:\/\/radiostudiow.com.br\/site\/wp-json\/wp\/v2\/posts\/34549\/revisions"}],"predecessor-version":[{"id":34550,"href":"https:\/\/radiostudiow.com.br\/site\/wp-json\/wp\/v2\/posts\/34549\/revisions\/34550"}],"wp:featuredmedia":[{"embeddable":true,"href":"https:\/\/radiostudiow.com.br\/site\/wp-json\/wp\/v2\/media\/32793"}],"wp:attachment":[{"href":"https:\/\/radiostudiow.com.br\/site\/wp-json\/wp\/v2\/media?parent=34549"}],"wp:term":[{"taxonomy":"category","embeddable":true,"href":"https:\/\/radiostudiow.com.br\/site\/wp-json\/wp\/v2\/categories?post=34549"},{"taxonomy":"post_tag","embeddable":true,"href":"https:\/\/radiostudiow.com.br\/site\/wp-json\/wp\/v2\/tags?post=34549"}],"curies":[{"name":"wp","href":"https:\/\/api.w.org\/{rel}","templated":true}]}}