{"id":34573,"date":"2025-02-22T15:53:43","date_gmt":"2025-02-22T18:53:43","guid":{"rendered":"https:\/\/radiostudiow.com.br\/site\/?p=34573"},"modified":"2025-03-03T15:44:16","modified_gmt":"2025-03-03T18:44:16","slug":"vereador-de-mallet-gera-duvidas-apos-comentarios-sobre-acesso-a-denuncias-da-ouvidoria-municipal","status":"publish","type":"post","link":"https:\/\/radiostudiow.com.br\/site\/2025\/02\/22\/vereador-de-mallet-gera-duvidas-apos-comentarios-sobre-acesso-a-denuncias-da-ouvidoria-municipal\/","title":{"rendered":"Vereador de Mallet gera d\u00favidas ap\u00f3s coment\u00e1rios sobre acesso a den\u00fancias da Ouvidoria Municipal"},"content":{"rendered":"\n<h2 class=\"wp-block-heading\"><\/h2>\n\n\n\n<p><\/p>\n\n\n\n<p>Uma declara\u00e7\u00e3o feita pelo vereador Cristiano Perepelicia (Uni\u00e3o Brasil) durante a 2\u00aa Sess\u00e3o Ordin\u00e1ria da C\u00e2mara de Vereadores de Mallet, em 03 de fevereiro, gerou d\u00favidas e algumas pessoas entraram em contato com a SWTV, preocupadas e at\u00e9 temem algum tipo de persegui\u00e7\u00e3o.<\/p>\n\n\n\n<p><strong>O vereador comentou ter acesso \u00e0s den\u00fancias registradas por meio da Ouvidoria Municipal e, em tom pol\u00eamico, sugeriu saber quem realizou as manifesta\u00e7\u00f5es, especialmente ex-funcion\u00e1rios comissionados da gest\u00e3o anterior.<\/strong><\/p>\n\n\n\n<p>Segundo Perepelicia, declarou que tem acesso de maneira <strong>\u201cinformal\u201d <\/strong>a denuncias realizada atrav\u00e9s da Ouvidoria do Munic\u00edpio e destacou que em algumas delas n\u00e3o tem proced\u00eancia, deixando claro que \u00e9 conhecedor tanto das denuncias bem como de quem as realiza, pois cita em tom de deboche que s\u00e3o feitas por ex funcion\u00e1rios comissionados da gest\u00e3o anterior e que n\u00e3o deixa o setor trabalhar por ter que respond\u00ea-las.<\/p>\n\n\n\n<p><\/p>\n\n\n\n<figure class=\"wp-block-image size-full\"><img loading=\"lazy\" decoding=\"async\" width=\"598\" height=\"204\" src=\"https:\/\/radiostudiow.com.br\/site\/wp-content\/uploads\/2025\/01\/SITE-MEDIO7.png\" alt=\"\" class=\"wp-image-32801\" srcset=\"https:\/\/radiostudiow.com.br\/site\/wp-content\/uploads\/2025\/01\/SITE-MEDIO7.png 598w, https:\/\/radiostudiow.com.br\/site\/wp-content\/uploads\/2025\/01\/SITE-MEDIO7-300x102.png 300w\" sizes=\"auto, (max-width: 598px) 100vw, 598px\" \/><\/figure>\n\n\n\n<p><\/p>\n\n\n\n<p>Durante a sess\u00e3o, o vereador Cristiano declarou:<em><strong> \u201cA gente est\u00e1 triste, tem muitas den\u00fancias j\u00e1 feita por pessoas por situa\u00e7\u00f5es que n\u00e3o tem nada a ver, s\u00f3 pra tomar o tempo das pessoas que est\u00e3o l\u00e1. A gente acaba ficando triste por saber dessas coisas, mas isso, s\u00e3o os \u201cdesmamados\u201d, desempregados que n\u00e3o tem o que fazer. Da\u00ed fica incomodando. \u201d<\/strong><\/em>, frisou o vereador em seu coment\u00e1rio.<\/p>\n\n\n\n<p>Alguns funcion\u00e1rios da Prefeitura Municipal de Mallet, que registraram den\u00fancias na Ouvidoria e procuraram o Studio W, relataram o temor de poss\u00edveis pol\u00edticas de repres\u00e1lias. O recebimento surgiu ap\u00f3s a declara\u00e7\u00e3o do vereador, que ainda afirmou em seu coment\u00e1rio: <em><strong>&#8220;Mas a gente tem um jur\u00eddico l\u00e1 que j\u00e1 est\u00e1 tomando as provid\u00eancias em rela\u00e7\u00e3o a algumas coisas.&#8221;<\/strong><\/em><\/p>\n\n\n\n<p>Os servidores temem que essa fala indique medidas contra aqueles que relataram den\u00fancias, levantando preocupa\u00e7\u00f5es sobre uma poss\u00edvel persegui\u00e7\u00e3o pol\u00edtica dentro do trabalho.<\/p>\n\n\n\n<figure class=\"wp-block-image size-full\"><img loading=\"lazy\" decoding=\"async\" width=\"1162\" height=\"574\" src=\"https:\/\/radiostudiow.com.br\/site\/wp-content\/uploads\/2025\/02\/prefeitura-1.jpg\" alt=\"\" class=\"wp-image-34575\" srcset=\"https:\/\/radiostudiow.com.br\/site\/wp-content\/uploads\/2025\/02\/prefeitura-1.jpg 1162w, https:\/\/radiostudiow.com.br\/site\/wp-content\/uploads\/2025\/02\/prefeitura-1-300x148.jpg 300w, https:\/\/radiostudiow.com.br\/site\/wp-content\/uploads\/2025\/02\/prefeitura-1-1024x506.jpg 1024w, https:\/\/radiostudiow.com.br\/site\/wp-content\/uploads\/2025\/02\/prefeitura-1-768x379.jpg 768w\" sizes=\"auto, (max-width: 1162px) 100vw, 1162px\" \/><\/figure>\n\n\n\n<p><\/p>\n\n\n\n<h2 class=\"wp-block-heading\"><strong>Respostas da Ouvidoria Municipal<\/strong><\/h2>\n\n\n\n<p>Diante das preocupa\u00e7\u00f5es geradas pelos coment\u00e1rios, a Studio W entrou em contato com a Ouvidoria do Munic\u00edpio para obter esclarecimentos sobre os procedimentos adotados no recebimento e tratamento de den\u00fancias.<\/p>\n\n\n\n<p>Em resposta, a servidora respons\u00e1vel pelo setor, &nbsp;esclareceu que n\u00e3o h\u00e1 dispositivo para identificar quem registrou uma den\u00fancia an\u00f4nima, e a C\u00e2mara de Vereadores n\u00e3o tem acesso ao conte\u00fado das manifesta\u00e7\u00f5es recebidas pela Ouvidoria.<\/p>\n\n\n\n<h2 class=\"wp-block-heading\">&nbsp;Sobre os demais questionamentos foram fornecidos os seguintes dados:<\/h2>\n\n\n\n<p><\/p>\n\n\n\n<p>Desde janeiro de 2024 at\u00e9 fevereiro de 2025, foram registradas 80 den\u00fancias, <strong>sendo que 61 foram feitas no ano de 2024 e 19 nesses dois primeiros meses de 2025.<\/strong><\/p>\n\n\n\n<p>As den\u00fancias podem ser feitas de forma an\u00f4nima ou identificada, e a identidade dos denunciantes \u00e9 protegida pela <strong>Lei Federal n\u00ba 12.527\/2011 (Lei de Acesso \u00e0 Informa\u00e7\u00e3o).<\/strong><\/p>\n\n\n\n<p>O acesso aos registros \u00e9 restrito \u00e0s autoridades diretamente envolvidas na apura\u00e7\u00e3o e \u00e0s pr\u00f3prias partes.<\/p>\n\n\n\n<p>As respostas \u00e0s den\u00fancias devem ser apresentadas em at\u00e9 30 dias, prorrog\u00e1veis por igual per\u00edodo, dependendo da complexidade da apura\u00e7\u00e3o.<\/p>\n\n\n\n<p><\/p>\n\n\n\n<figure class=\"wp-block-image size-full\"><img loading=\"lazy\" decoding=\"async\" width=\"939\" height=\"664\" src=\"https:\/\/radiostudiow.com.br\/site\/wp-content\/uploads\/2025\/02\/MAMADOR.jpg\" alt=\"\" class=\"wp-image-34579\" srcset=\"https:\/\/radiostudiow.com.br\/site\/wp-content\/uploads\/2025\/02\/MAMADOR.jpg 939w, https:\/\/radiostudiow.com.br\/site\/wp-content\/uploads\/2025\/02\/MAMADOR-300x212.jpg 300w, https:\/\/radiostudiow.com.br\/site\/wp-content\/uploads\/2025\/02\/MAMADOR-768x543.jpg 768w\" sizes=\"auto, (max-width: 939px) 100vw, 939px\" \/><\/figure>\n\n\n\n<p><\/p>\n\n\n\n<h2 class=\"wp-block-heading\">Posicionamento do vereador Perepelicia do Uni\u00e3o Brasil<\/h2>\n\n\n\n<p>Procurado pela Studio W, o vereador foi questionado sobre como teria obtido informa\u00e7\u00f5es sobre os denunciantes. Em resposta por telefone, Perepelicia afirmou:<\/p>\n\n\n\n<p><em><strong>\u201cEu converso com o Executivo quase que diariamente, e algumas coisas que me passam eu tenho oportunidade de falar eu falo, estou no meu direito&#8221;.<\/strong><\/em><\/p>\n\n\n\n<p>Ao ser questionado sobre como sabia que os denunciantes seriam ex-servidores comissionados da Prefeitura, atualmente desempregados, Perepelicia declarou:<\/p>\n\n\n\n<p><strong>&#8220;Para fazer tudo isso que est\u00e1 sendo feito, tem que ter bastante tempo. Ent\u00e3o, eu entendo que tem que ser desempregado.&#8221;<\/strong><\/p>\n\n\n\n<p>Sobre o conhecimento da identidade dos denunciantes, o vereador admitiu: <\/p>\n\n\n\n<p><strong>&#8220;De algum, eu sei sim.&#8221;<\/strong><\/p>\n\n\n\n<p>As declara\u00e7\u00f5es de Perepelicia, na sess\u00e3o ordin\u00e1ria e suas afirma\u00e7\u00f5es levantaram preocupa\u00e7\u00f5es quanto \u00e0 transpar\u00eancia e de que forma s\u00e3o vazados os sigilo dos procedimentos da Ouvidoria da Prefeitura Municipal de Mallet.<\/p>\n\n\n\n<p>E ainda o temor de pessoas que se sintam amea\u00e7adas em n\u00e3o realizar denuncia por medo de sofrer sofre algum tipo de retalia\u00e7\u00e3o. &nbsp;&nbsp;<\/p>\n\n\n\n<p>A situa\u00e7\u00e3o segue gerando debate e os mun\u00edcipes aguardam esclarecimentos mais detalhados sobre o caso.<\/p>\n\n\n\n<h2 class=\"wp-block-heading\">ASSISTA A MAT\u00c9RIA QUE FOI AO AR NESTA SEXTA-FEIRA DIA 21 DE FEVEREIRO DURANTE O JORNAL W NOT\u00cdCIAS, DA STUDIO W TV<\/h2>\n\n\n\n<figure class=\"wp-block-embed is-type-video is-provider-youtube wp-block-embed-youtube wp-embed-aspect-16-9 wp-has-aspect-ratio\"><div class=\"wp-block-embed__wrapper\">\n<iframe loading=\"lazy\" title=\"Vereador de Mallet, gera d\u00favidas ap\u00f3s coment\u00e1rios sobre acesso a den\u00fancias da Ouvidoria Municipal\" width=\"740\" height=\"416\" src=\"https:\/\/www.youtube.com\/embed\/g9vy0Vr36uQ?feature=oembed\" frameborder=\"0\" allow=\"accelerometer; autoplay; clipboard-write; encrypted-media; gyroscope; picture-in-picture; web-share\" referrerpolicy=\"strict-origin-when-cross-origin\" allowfullscreen><\/iframe>\n<\/div><\/figure>\n\n\n\n<p><\/p>\n\n\n\n<p>Reportagem: Valdir Wladyka<\/p>\n\n\n\n<p>Fotos: Drone da Studio W e TV C\u00e2mara Municipal de Mallet.<\/p>\n\n\n\n<figure class=\"wp-block-image size-full\"><img loading=\"lazy\" decoding=\"async\" width=\"897\" height=\"204\" src=\"https:\/\/radiostudiow.com.br\/site\/wp-content\/uploads\/2025\/01\/SITE-GRANDE6.png\" alt=\"\" class=\"wp-image-32870\" srcset=\"https:\/\/radiostudiow.com.br\/site\/wp-content\/uploads\/2025\/01\/SITE-GRANDE6.png 897w, https:\/\/radiostudiow.com.br\/site\/wp-content\/uploads\/2025\/01\/SITE-GRANDE6-300x68.png 300w, https:\/\/radiostudiow.com.br\/site\/wp-content\/uploads\/2025\/01\/SITE-GRANDE6-768x175.png 768w\" sizes=\"auto, (max-width: 897px) 100vw, 897px\" \/><\/figure>\n","protected":false},"excerpt":{"rendered":"<p>Uma declara\u00e7\u00e3o feita pelo vereador Cristiano Perepelicia (Uni\u00e3o Brasil) durante a 2\u00aa Sess\u00e3o Ordin\u00e1ria da C\u00e2mara de Vereadores de Mallet, em 03 de fevereiro, gerou d\u00favidas e algumas pessoas entraram em contato com a SWTV, preocupadas e at\u00e9 temem algum tipo de persegui\u00e7\u00e3o. O vereador comentou ter acesso \u00e0s den\u00fancias registradas por meio da Ouvidoria [&hellip;]<\/p>\n","protected":false},"author":2,"featured_media":0,"comment_status":"open","ping_status":"open","sticky":false,"template":"","format":"standard","meta":{"footnotes":""},"categories":[184,196],"tags":[172],"class_list":["post-34573","post","type-post","status-publish","format-standard","hentry","category-local","category-politica","tag-featured"],"amp_enabled":true,"_links":{"self":[{"href":"https:\/\/radiostudiow.com.br\/site\/wp-json\/wp\/v2\/posts\/34573","targetHints":{"allow":["GET"]}}],"collection":[{"href":"https:\/\/radiostudiow.com.br\/site\/wp-json\/wp\/v2\/posts"}],"about":[{"href":"https:\/\/radiostudiow.com.br\/site\/wp-json\/wp\/v2\/types\/post"}],"author":[{"embeddable":true,"href":"https:\/\/radiostudiow.com.br\/site\/wp-json\/wp\/v2\/users\/2"}],"replies":[{"embeddable":true,"href":"https:\/\/radiostudiow.com.br\/site\/wp-json\/wp\/v2\/comments?post=34573"}],"version-history":[{"count":4,"href":"https:\/\/radiostudiow.com.br\/site\/wp-json\/wp\/v2\/posts\/34573\/revisions"}],"predecessor-version":[{"id":34584,"href":"https:\/\/radiostudiow.com.br\/site\/wp-json\/wp\/v2\/posts\/34573\/revisions\/34584"}],"wp:attachment":[{"href":"https:\/\/radiostudiow.com.br\/site\/wp-json\/wp\/v2\/media?parent=34573"}],"wp:term":[{"taxonomy":"category","embeddable":true,"href":"https:\/\/radiostudiow.com.br\/site\/wp-json\/wp\/v2\/categories?post=34573"},{"taxonomy":"post_tag","embeddable":true,"href":"https:\/\/radiostudiow.com.br\/site\/wp-json\/wp\/v2\/tags?post=34573"}],"curies":[{"name":"wp","href":"https:\/\/api.w.org\/{rel}","templated":true}]}}