{"id":34585,"date":"2025-02-24T09:14:19","date_gmt":"2025-02-24T12:14:19","guid":{"rendered":"https:\/\/radiostudiow.com.br\/site\/?p=34585"},"modified":"2025-02-24T09:15:21","modified_gmt":"2025-02-24T12:15:21","slug":"colisao-frontal-deixa-dois-mortos-na-madrugada-de-hoje-na-br-476","status":"publish","type":"post","link":"https:\/\/radiostudiow.com.br\/site\/2025\/02\/24\/colisao-frontal-deixa-dois-mortos-na-madrugada-de-hoje-na-br-476\/","title":{"rendered":"Colis\u00e3o frontal deixa dois mortos na BR-476 em Contenda"},"content":{"rendered":"\n<p>Um grave acidente ocorreu no Km 180 da BR-476, pr\u00f3ximo a Contenda, envolvendo uma colis\u00e3o frontal entre um caminh\u00e3o e um autom\u00f3vel por volta das 5h da madrugada desta segunda-feira (24).<\/p>\n\n\n\n<p>Segundo informa\u00e7\u00f5es da Pol\u00edcia Rodovi\u00e1ria Federal (PRF), o acidente resultou em dois \u00f3bitos no local, sendo uma v\u00edtima do sexo masculino e outra do sexo feminino.<\/p>\n\n\n\n<figure class=\"wp-block-image size-full\"><img loading=\"lazy\" decoding=\"async\" width=\"598\" height=\"204\" src=\"https:\/\/radiostudiow.com.br\/site\/wp-content\/uploads\/2025\/01\/SITE-MEDIO3.png\" alt=\"\" class=\"wp-image-32815\" srcset=\"https:\/\/radiostudiow.com.br\/site\/wp-content\/uploads\/2025\/01\/SITE-MEDIO3.png 598w, https:\/\/radiostudiow.com.br\/site\/wp-content\/uploads\/2025\/01\/SITE-MEDIO3-300x102.png 300w\" sizes=\"auto, (max-width: 598px) 100vw, 598px\" \/><\/figure>\n\n\n\n<p>At\u00e9 o momento, n\u00e3o foram divulgadas mais informa\u00e7\u00f5es sobre as causas do acidente. Equipes da PRF est\u00e3o no local, a rodovia est\u00e1 parcialmente interditada, e o tr\u00e2nsito segue em sistema de pare e siga no trecho afetado.<\/p>\n\n\n\n<p>A Via Arauc\u00e1ria, concession\u00e1ria que administra  trecho, alerta aos motoristas sobre o tr\u00e1fego lento na regi\u00e3o e recomenda aten\u00e7\u00e3o redobrada.<\/p>\n","protected":false},"excerpt":{"rendered":"<p>Um grave acidente ocorreu no Km 180 da BR-476, pr\u00f3ximo a Contenda, envolvendo uma colis\u00e3o frontal entre um caminh\u00e3o e um autom\u00f3vel por volta das 5h da madrugada desta segunda-feira (24). Segundo informa\u00e7\u00f5es da Pol\u00edcia Rodovi\u00e1ria Federal (PRF), o acidente resultou em dois \u00f3bitos no local, sendo uma v\u00edtima do sexo masculino e outra do [&hellip;]<\/p>\n","protected":false},"author":2,"featured_media":34586,"comment_status":"open","ping_status":"open","sticky":false,"template":"","format":"standard","meta":{"footnotes":""},"categories":[185],"tags":[172],"class_list":["post-34585","post","type-post","status-publish","format-standard","has-post-thumbnail","hentry","category-regional","tag-featured"],"amp_enabled":true,"_links":{"self":[{"href":"https:\/\/radiostudiow.com.br\/site\/wp-json\/wp\/v2\/posts\/34585","targetHints":{"allow":["GET"]}}],"collection":[{"href":"https:\/\/radiostudiow.com.br\/site\/wp-json\/wp\/v2\/posts"}],"about":[{"href":"https:\/\/radiostudiow.com.br\/site\/wp-json\/wp\/v2\/types\/post"}],"author":[{"embeddable":true,"href":"https:\/\/radiostudiow.com.br\/site\/wp-json\/wp\/v2\/users\/2"}],"replies":[{"embeddable":true,"href":"https:\/\/radiostudiow.com.br\/site\/wp-json\/wp\/v2\/comments?post=34585"}],"version-history":[{"count":3,"href":"https:\/\/radiostudiow.com.br\/site\/wp-json\/wp\/v2\/posts\/34585\/revisions"}],"predecessor-version":[{"id":34589,"href":"https:\/\/radiostudiow.com.br\/site\/wp-json\/wp\/v2\/posts\/34585\/revisions\/34589"}],"wp:featuredmedia":[{"embeddable":true,"href":"https:\/\/radiostudiow.com.br\/site\/wp-json\/wp\/v2\/media\/34586"}],"wp:attachment":[{"href":"https:\/\/radiostudiow.com.br\/site\/wp-json\/wp\/v2\/media?parent=34585"}],"wp:term":[{"taxonomy":"category","embeddable":true,"href":"https:\/\/radiostudiow.com.br\/site\/wp-json\/wp\/v2\/categories?post=34585"},{"taxonomy":"post_tag","embeddable":true,"href":"https:\/\/radiostudiow.com.br\/site\/wp-json\/wp\/v2\/tags?post=34585"}],"curies":[{"name":"wp","href":"https:\/\/api.w.org\/{rel}","templated":true}]}}