{"id":34591,"date":"2025-02-24T09:26:06","date_gmt":"2025-02-24T12:26:06","guid":{"rendered":"https:\/\/radiostudiow.com.br\/site\/?p=34591"},"modified":"2025-02-24T09:26:06","modified_gmt":"2025-02-24T12:26:06","slug":"homem-e-preso-por-desacato-desobediencia-ameaca-e-resistencia-em-uniao-da-vitoria","status":"publish","type":"post","link":"https:\/\/radiostudiow.com.br\/site\/2025\/02\/24\/homem-e-preso-por-desacato-desobediencia-ameaca-e-resistencia-em-uniao-da-vitoria\/","title":{"rendered":"Homem \u00e9 preso por desacato, desobedi\u00eancia, amea\u00e7a e resist\u00eancia em Uni\u00e3o da Vit\u00f3ria"},"content":{"rendered":"\n<p> equipe da Pol\u00edcia Militar de Uni\u00e3o da Vit\u00f3ria foi acionada para verificar uma situa\u00e7\u00e3o de perturba\u00e7\u00e3o do sossego no bairro Panorama onde havia pessoas fazendo barulho e utilizando som automotivo em alto volume por volta das 01h20min dessa s\u00e1bado (22).<\/p>\n\n\n\n<p>No local, o propriet\u00e1rio da resid\u00eancia inicialmente acatou a ordem de baixar o volume, mas logo em seguida desobedeceu, conectando seu celular a uma caixa de som e afirmando que n\u00e3o pararia com a m\u00fasica. Ele come\u00e7ou a xingar os policiais com palavras de baixo cal\u00e3o e insistia emdesobedecer todas as ordens da equipe.<\/p>\n\n\n\n<figure class=\"wp-block-image size-full\"><img loading=\"lazy\" decoding=\"async\" width=\"897\" height=\"204\" src=\"https:\/\/radiostudiow.com.br\/site\/wp-content\/uploads\/2025\/02\/SITE-GRANDE7.png\" alt=\"\" class=\"wp-image-33861\" srcset=\"https:\/\/radiostudiow.com.br\/site\/wp-content\/uploads\/2025\/02\/SITE-GRANDE7.png 897w, https:\/\/radiostudiow.com.br\/site\/wp-content\/uploads\/2025\/02\/SITE-GRANDE7-300x68.png 300w, https:\/\/radiostudiow.com.br\/site\/wp-content\/uploads\/2025\/02\/SITE-GRANDE7-768x175.png 768w\" sizes=\"auto, (max-width: 897px) 100vw, 897px\" \/><\/figure>\n\n\n\n<p>Diante da situa\u00e7\u00e3o, foi dada voz de pris\u00e3o ao propriet\u00e1rio,que resistiu ativamente, agredindo os policiais. Foi necess\u00e1rio imobiliz\u00e1-lo e usar algemas paraconduzi-lo em compartimento fechado da viatura.<\/p>\n\n\n\n<p>Cabe ressaltar, que durante a condu\u00e7\u00e3o eleamea\u00e7ou os policiais. O indiv\u00edduo foi encaminhado a uma unidade de sa\u00fade para atendimento e,posteriormente, \u00e0 delegacia para os procedimentos legais.<\/p>\n","protected":false},"excerpt":{"rendered":"<p>equipe da Pol\u00edcia Militar de Uni\u00e3o da Vit\u00f3ria foi acionada para verificar uma situa\u00e7\u00e3o de perturba\u00e7\u00e3o do sossego no bairro Panorama onde havia pessoas fazendo barulho e utilizando som automotivo em alto volume por volta das 01h20min dessa s\u00e1bado (22). No local, o propriet\u00e1rio da resid\u00eancia inicialmente acatou a ordem de baixar o volume, mas [&hellip;]<\/p>\n","protected":false},"author":2,"featured_media":27131,"comment_status":"open","ping_status":"open","sticky":false,"template":"","format":"standard","meta":{"footnotes":""},"categories":[7],"tags":[],"class_list":["post-34591","post","type-post","status-publish","format-standard","has-post-thumbnail","hentry","category-geral"],"amp_enabled":true,"_links":{"self":[{"href":"https:\/\/radiostudiow.com.br\/site\/wp-json\/wp\/v2\/posts\/34591","targetHints":{"allow":["GET"]}}],"collection":[{"href":"https:\/\/radiostudiow.com.br\/site\/wp-json\/wp\/v2\/posts"}],"about":[{"href":"https:\/\/radiostudiow.com.br\/site\/wp-json\/wp\/v2\/types\/post"}],"author":[{"embeddable":true,"href":"https:\/\/radiostudiow.com.br\/site\/wp-json\/wp\/v2\/users\/2"}],"replies":[{"embeddable":true,"href":"https:\/\/radiostudiow.com.br\/site\/wp-json\/wp\/v2\/comments?post=34591"}],"version-history":[{"count":1,"href":"https:\/\/radiostudiow.com.br\/site\/wp-json\/wp\/v2\/posts\/34591\/revisions"}],"predecessor-version":[{"id":34592,"href":"https:\/\/radiostudiow.com.br\/site\/wp-json\/wp\/v2\/posts\/34591\/revisions\/34592"}],"wp:featuredmedia":[{"embeddable":true,"href":"https:\/\/radiostudiow.com.br\/site\/wp-json\/wp\/v2\/media\/27131"}],"wp:attachment":[{"href":"https:\/\/radiostudiow.com.br\/site\/wp-json\/wp\/v2\/media?parent=34591"}],"wp:term":[{"taxonomy":"category","embeddable":true,"href":"https:\/\/radiostudiow.com.br\/site\/wp-json\/wp\/v2\/categories?post=34591"},{"taxonomy":"post_tag","embeddable":true,"href":"https:\/\/radiostudiow.com.br\/site\/wp-json\/wp\/v2\/tags?post=34591"}],"curies":[{"name":"wp","href":"https:\/\/api.w.org\/{rel}","templated":true}]}}