{"id":34604,"date":"2025-02-24T10:08:33","date_gmt":"2025-02-24T13:08:33","guid":{"rendered":"https:\/\/radiostudiow.com.br\/site\/?p=34604"},"modified":"2025-02-24T10:08:39","modified_gmt":"2025-02-24T13:08:39","slug":"jovem-de-23-anos-e-encontrado-morto-em-porto-uniaov","status":"publish","type":"post","link":"https:\/\/radiostudiow.com.br\/site\/2025\/02\/24\/jovem-de-23-anos-e-encontrado-morto-em-porto-uniaov\/","title":{"rendered":"Jovem de 23 anos \u00e9 encontrado morto em Porto Uni\u00e3o"},"content":{"rendered":"\n<p>Um\u00a0jovem de aproximadamente 23 anos\u00a0foi encontrado morto em sua resid\u00eancia, localizada no bairro Morro da Cruz em Porto Uni\u00e3o.<\/p>\n\n\n\n<p>O Corpo de Bombeiros foi acionado, mas ao chegar ao local, constatou a aus\u00eancia total de sinais vitais.<\/p>\n\n\n\n<figure class=\"wp-block-image size-full\"><img loading=\"lazy\" decoding=\"async\" width=\"598\" height=\"204\" src=\"https:\/\/radiostudiow.com.br\/site\/wp-content\/uploads\/2025\/01\/SITE-MEDIO.png\" alt=\"\" class=\"wp-image-32810\" srcset=\"https:\/\/radiostudiow.com.br\/site\/wp-content\/uploads\/2025\/01\/SITE-MEDIO.png 598w, https:\/\/radiostudiow.com.br\/site\/wp-content\/uploads\/2025\/01\/SITE-MEDIO-300x102.png 300w\" sizes=\"auto, (max-width: 598px) 100vw, 598px\" \/><\/figure>\n\n\n\n<p>A Pol\u00edcia Militar tamb\u00e9m chegou rapidamente ao local para isolar a \u00e1rea e acionar a Pol\u00edcia Cient\u00edfica. O nome do homem que faleceu ainda n\u00e3o foi divulgado por quest\u00f5es de \u00e9tica.<\/p>\n\n\n\n<p>Mais informa\u00e7\u00f5es ser\u00e3o divulgadas.<\/p>\n\n\n\n<p><br><em>(Fonte\/foto: Assis, o rep\u00f3rter).<\/em><\/p>\n","protected":false},"excerpt":{"rendered":"<p>Um\u00a0jovem de aproximadamente 23 anos\u00a0foi encontrado morto em sua resid\u00eancia, localizada no bairro Morro da Cruz em Porto Uni\u00e3o. O Corpo de Bombeiros foi acionado, mas ao chegar ao local, constatou a aus\u00eancia total de sinais vitais. A Pol\u00edcia Militar tamb\u00e9m chegou rapidamente ao local para isolar a \u00e1rea e acionar a Pol\u00edcia Cient\u00edfica. O [&hellip;]<\/p>\n","protected":false},"author":2,"featured_media":34605,"comment_status":"open","ping_status":"open","sticky":false,"template":"","format":"standard","meta":{"footnotes":""},"categories":[7],"tags":[],"class_list":["post-34604","post","type-post","status-publish","format-standard","has-post-thumbnail","hentry","category-geral"],"amp_enabled":true,"_links":{"self":[{"href":"https:\/\/radiostudiow.com.br\/site\/wp-json\/wp\/v2\/posts\/34604","targetHints":{"allow":["GET"]}}],"collection":[{"href":"https:\/\/radiostudiow.com.br\/site\/wp-json\/wp\/v2\/posts"}],"about":[{"href":"https:\/\/radiostudiow.com.br\/site\/wp-json\/wp\/v2\/types\/post"}],"author":[{"embeddable":true,"href":"https:\/\/radiostudiow.com.br\/site\/wp-json\/wp\/v2\/users\/2"}],"replies":[{"embeddable":true,"href":"https:\/\/radiostudiow.com.br\/site\/wp-json\/wp\/v2\/comments?post=34604"}],"version-history":[{"count":2,"href":"https:\/\/radiostudiow.com.br\/site\/wp-json\/wp\/v2\/posts\/34604\/revisions"}],"predecessor-version":[{"id":34607,"href":"https:\/\/radiostudiow.com.br\/site\/wp-json\/wp\/v2\/posts\/34604\/revisions\/34607"}],"wp:featuredmedia":[{"embeddable":true,"href":"https:\/\/radiostudiow.com.br\/site\/wp-json\/wp\/v2\/media\/34605"}],"wp:attachment":[{"href":"https:\/\/radiostudiow.com.br\/site\/wp-json\/wp\/v2\/media?parent=34604"}],"wp:term":[{"taxonomy":"category","embeddable":true,"href":"https:\/\/radiostudiow.com.br\/site\/wp-json\/wp\/v2\/categories?post=34604"},{"taxonomy":"post_tag","embeddable":true,"href":"https:\/\/radiostudiow.com.br\/site\/wp-json\/wp\/v2\/tags?post=34604"}],"curies":[{"name":"wp","href":"https:\/\/api.w.org\/{rel}","templated":true}]}}