{"id":34608,"date":"2025-02-24T10:57:09","date_gmt":"2025-02-24T13:57:09","guid":{"rendered":"https:\/\/radiostudiow.com.br\/site\/?p=34608"},"modified":"2025-02-24T10:57:09","modified_gmt":"2025-02-24T13:57:09","slug":"proprietaria-foi-retirada-por-vizinhos-durante-incendio-na-sua-residencia-em-tres-barras","status":"publish","type":"post","link":"https:\/\/radiostudiow.com.br\/site\/2025\/02\/24\/proprietaria-foi-retirada-por-vizinhos-durante-incendio-na-sua-residencia-em-tres-barras\/","title":{"rendered":"Propriet\u00e1ria foi retirada por vizinhos durante inc\u00eandio na sua resid\u00eancia em Tr\u00eas Barras"},"content":{"rendered":"\n<p>As guarni\u00e7\u00f5es do Corpo de Bombeiros de Tr\u00eas Barras, foram acionadas para atender a um inc\u00eandio em uma edifica\u00e7\u00e3o unifamiliar localizada na Rua Doroty Olcha Toporosky, n\u00ba 113, no Bairro Vila Nova por volta das 13h09min deste domingo (23).<\/p>\n\n\n\n<p>Ao chegarem no local, confirmaram que se tratava de um inc\u00eandio em uma resid\u00eancia de estrutura mista, com aproximadamente 75m\u00b2, que estava completamente tomada pelas chamas.<\/p>\n\n\n\n<figure class=\"wp-block-image size-full\"><img loading=\"lazy\" decoding=\"async\" width=\"897\" height=\"204\" src=\"https:\/\/radiostudiow.com.br\/site\/wp-content\/uploads\/2025\/01\/SITE-GRANDE2.png\" alt=\"\" class=\"wp-image-32805\" srcset=\"https:\/\/radiostudiow.com.br\/site\/wp-content\/uploads\/2025\/01\/SITE-GRANDE2.png 897w, https:\/\/radiostudiow.com.br\/site\/wp-content\/uploads\/2025\/01\/SITE-GRANDE2-300x68.png 300w, https:\/\/radiostudiow.com.br\/site\/wp-content\/uploads\/2025\/01\/SITE-GRANDE2-768x175.png 768w\" sizes=\"auto, (max-width: 897px) 100vw, 897px\" \/><\/figure>\n\n\n\n<p>A propriet\u00e1ria da casa estava no local no momento do sinistro, mas foi retirada pelos vizinhos antes da chegada dos bombeiros, embora tenha demonstrado sinais de grande abalo emocional. Ela foi conduzida ao hospital por um de seus irm\u00e3os para cuidados m\u00e9dicos.<\/p>\n\n\n\n<p>O inc\u00eandio se propagava rapidamente, colocando em risco as resid\u00eancias vizinhas. Os bombeiros realizaram o corte de energia e solicitaram apoio. N\u00e3o foram encontradas v\u00edtimas no interior da resid\u00eancia, e as equipes iniciaram o combate \u00e0s chamas com tr\u00eas linhas de ataque de 1 \u00bd polegadas.<\/p>\n\n\n\n<p>Foi utilizado aproximadamente 12.000 litros de \u00e1gua no combate e rescaldo, com a ajuda do caminh\u00e3o AT-62, e a opera\u00e7\u00e3o durou cerca de 1 hora e 20 minutos. Devido ao risco de colapso estrutural, o combate foi realizado externamente.<\/p>\n\n\n\n<figure class=\"wp-block-image size-full\"><img decoding=\"async\" src=\"https:\/\/radiostudiow.com.br\/site\/wp-content\/uploads\/2025\/02\/SITE-E-TV.png\" alt=\"\" class=\"wp-image-33896\"\/><\/figure>\n\n\n\n<p>De acordo com a propriet\u00e1ria, o inc\u00eandio come\u00e7ou enquanto ela preparava alimentos no fog\u00e3o.&nbsp;Ap\u00f3s se deitar no quarto, a moradora voltou \u00e0 cozinha e se sentou na sala. Foi quando ela percebeu um cheiro de fuma\u00e7a e viu fogo atr\u00e1s do fog\u00e3o, em um pl\u00e1stico e pano que estavam pr\u00f3ximos.&nbsp;Ao tentar arremessar o pano para a pia, acredita que as chamas se espalharam. Ela chamou por socorro e, em seguida, foi retirada da resid\u00eancia pelos vizinhos.<\/p>\n\n\n\n<p>Ap\u00f3s os procedimentos de combate ao inc\u00eandio, o local foi isolado, e a Defesa Civil e a Pol\u00edcia Civil foram informadas. As guarni\u00e7\u00f5es retornaram ao quartel.<\/p>\n\n\n\n<figure class=\"wp-block-image size-full\"><img loading=\"lazy\" decoding=\"async\" width=\"720\" height=\"377\" src=\"https:\/\/radiostudiow.com.br\/site\/wp-content\/uploads\/2025\/02\/image-98.png\" alt=\"\" class=\"wp-image-34609\" srcset=\"https:\/\/radiostudiow.com.br\/site\/wp-content\/uploads\/2025\/02\/image-98.png 720w, https:\/\/radiostudiow.com.br\/site\/wp-content\/uploads\/2025\/02\/image-98-300x157.png 300w\" sizes=\"auto, (max-width: 720px) 100vw, 720px\" \/><\/figure>\n\n\n\n<figure class=\"wp-block-image size-full\"><img loading=\"lazy\" decoding=\"async\" width=\"720\" height=\"377\" src=\"https:\/\/radiostudiow.com.br\/site\/wp-content\/uploads\/2025\/02\/image-99.png\" alt=\"\" class=\"wp-image-34610\" srcset=\"https:\/\/radiostudiow.com.br\/site\/wp-content\/uploads\/2025\/02\/image-99.png 720w, https:\/\/radiostudiow.com.br\/site\/wp-content\/uploads\/2025\/02\/image-99-300x157.png 300w\" sizes=\"auto, (max-width: 720px) 100vw, 720px\" \/><\/figure>\n","protected":false},"excerpt":{"rendered":"<p>As guarni\u00e7\u00f5es do Corpo de Bombeiros de Tr\u00eas Barras, foram acionadas para atender a um inc\u00eandio em uma edifica\u00e7\u00e3o unifamiliar localizada na Rua Doroty Olcha Toporosky, n\u00ba 113, no Bairro Vila Nova por volta das 13h09min deste domingo (23). Ao chegarem no local, confirmaram que se tratava de um inc\u00eandio em uma resid\u00eancia de estrutura [&hellip;]<\/p>\n","protected":false},"author":2,"featured_media":34611,"comment_status":"open","ping_status":"open","sticky":false,"template":"","format":"standard","meta":{"footnotes":""},"categories":[185],"tags":[172],"class_list":["post-34608","post","type-post","status-publish","format-standard","has-post-thumbnail","hentry","category-regional","tag-featured"],"amp_enabled":true,"_links":{"self":[{"href":"https:\/\/radiostudiow.com.br\/site\/wp-json\/wp\/v2\/posts\/34608","targetHints":{"allow":["GET"]}}],"collection":[{"href":"https:\/\/radiostudiow.com.br\/site\/wp-json\/wp\/v2\/posts"}],"about":[{"href":"https:\/\/radiostudiow.com.br\/site\/wp-json\/wp\/v2\/types\/post"}],"author":[{"embeddable":true,"href":"https:\/\/radiostudiow.com.br\/site\/wp-json\/wp\/v2\/users\/2"}],"replies":[{"embeddable":true,"href":"https:\/\/radiostudiow.com.br\/site\/wp-json\/wp\/v2\/comments?post=34608"}],"version-history":[{"count":2,"href":"https:\/\/radiostudiow.com.br\/site\/wp-json\/wp\/v2\/posts\/34608\/revisions"}],"predecessor-version":[{"id":34626,"href":"https:\/\/radiostudiow.com.br\/site\/wp-json\/wp\/v2\/posts\/34608\/revisions\/34626"}],"wp:featuredmedia":[{"embeddable":true,"href":"https:\/\/radiostudiow.com.br\/site\/wp-json\/wp\/v2\/media\/34611"}],"wp:attachment":[{"href":"https:\/\/radiostudiow.com.br\/site\/wp-json\/wp\/v2\/media?parent=34608"}],"wp:term":[{"taxonomy":"category","embeddable":true,"href":"https:\/\/radiostudiow.com.br\/site\/wp-json\/wp\/v2\/categories?post=34608"},{"taxonomy":"post_tag","embeddable":true,"href":"https:\/\/radiostudiow.com.br\/site\/wp-json\/wp\/v2\/tags?post=34608"}],"curies":[{"name":"wp","href":"https:\/\/api.w.org\/{rel}","templated":true}]}}