{"id":34621,"date":"2025-02-24T11:46:30","date_gmt":"2025-02-24T14:46:30","guid":{"rendered":"https:\/\/radiostudiow.com.br\/site\/?p=34621"},"modified":"2025-02-24T11:46:31","modified_gmt":"2025-02-24T14:46:31","slug":"homem-agredido-pela-namorada-apos-ciumes-em-uniao-da-vitoria","status":"publish","type":"post","link":"https:\/\/radiostudiow.com.br\/site\/2025\/02\/24\/homem-agredido-pela-namorada-apos-ciumes-em-uniao-da-vitoria\/","title":{"rendered":"Homem agredido pela namorada ap\u00f3s ci\u00fames em Uni\u00e3o da Vit\u00f3ria"},"content":{"rendered":"\n<p>A equipe da Pol\u00edcia Militar de Uni\u00e3o da Vit\u00f3ria foi acionada para atender uma situa\u00e7\u00e3o de agress\u00e3o no bairro S\u00e3o Bas\u00edlio Magno por volta das 19h30min desse domingo (23).<\/p>\n\n\n\n<figure class=\"wp-block-image size-full\"><img loading=\"lazy\" decoding=\"async\" width=\"300\" height=\"180\" src=\"https:\/\/radiostudiow.com.br\/site\/wp-content\/uploads\/2025\/01\/SITE-PEQUENO3.png\" alt=\"\" class=\"wp-image-32851\"\/><\/figure>\n\n\n\n<p>No local a equipe ouviu falas alteradas de homem e de mulher, ao conversar como casal, ambos visivelmente embriagados relataram que era uma briga por ci\u00fames.<\/p>\n\n\n\n<p>O homem estava com escoria\u00e7\u00f5es pelo corpo e a mulher admitiu que o agrediu. O homem n\u00e3o quis representar criminalmente contra a namorada.<\/p>\n","protected":false},"excerpt":{"rendered":"<p>A equipe da Pol\u00edcia Militar de Uni\u00e3o da Vit\u00f3ria foi acionada para atender uma situa\u00e7\u00e3o de agress\u00e3o no bairro S\u00e3o Bas\u00edlio Magno por volta das 19h30min desse domingo (23). No local a equipe ouviu falas alteradas de homem e de mulher, ao conversar como casal, ambos visivelmente embriagados relataram que era uma briga por ci\u00fames. [&hellip;]<\/p>\n","protected":false},"author":2,"featured_media":33799,"comment_status":"open","ping_status":"open","sticky":false,"template":"","format":"standard","meta":{"footnotes":""},"categories":[2],"tags":[172],"class_list":["post-34621","post","type-post","status-publish","format-standard","has-post-thumbnail","hentry","category-policial","tag-featured"],"amp_enabled":true,"_links":{"self":[{"href":"https:\/\/radiostudiow.com.br\/site\/wp-json\/wp\/v2\/posts\/34621","targetHints":{"allow":["GET"]}}],"collection":[{"href":"https:\/\/radiostudiow.com.br\/site\/wp-json\/wp\/v2\/posts"}],"about":[{"href":"https:\/\/radiostudiow.com.br\/site\/wp-json\/wp\/v2\/types\/post"}],"author":[{"embeddable":true,"href":"https:\/\/radiostudiow.com.br\/site\/wp-json\/wp\/v2\/users\/2"}],"replies":[{"embeddable":true,"href":"https:\/\/radiostudiow.com.br\/site\/wp-json\/wp\/v2\/comments?post=34621"}],"version-history":[{"count":3,"href":"https:\/\/radiostudiow.com.br\/site\/wp-json\/wp\/v2\/posts\/34621\/revisions"}],"predecessor-version":[{"id":34627,"href":"https:\/\/radiostudiow.com.br\/site\/wp-json\/wp\/v2\/posts\/34621\/revisions\/34627"}],"wp:featuredmedia":[{"embeddable":true,"href":"https:\/\/radiostudiow.com.br\/site\/wp-json\/wp\/v2\/media\/33799"}],"wp:attachment":[{"href":"https:\/\/radiostudiow.com.br\/site\/wp-json\/wp\/v2\/media?parent=34621"}],"wp:term":[{"taxonomy":"category","embeddable":true,"href":"https:\/\/radiostudiow.com.br\/site\/wp-json\/wp\/v2\/categories?post=34621"},{"taxonomy":"post_tag","embeddable":true,"href":"https:\/\/radiostudiow.com.br\/site\/wp-json\/wp\/v2\/tags?post=34621"}],"curies":[{"name":"wp","href":"https:\/\/api.w.org\/{rel}","templated":true}]}}