{"id":34634,"date":"2025-02-25T09:20:57","date_gmt":"2025-02-25T12:20:57","guid":{"rendered":"https:\/\/radiostudiow.com.br\/site\/?p=34634"},"modified":"2025-02-25T09:20:57","modified_gmt":"2025-02-25T12:20:57","slug":"homem-e-preso-apos-agredir-a-propria-mae-em-reboucas","status":"publish","type":"post","link":"https:\/\/radiostudiow.com.br\/site\/2025\/02\/25\/homem-e-preso-apos-agredir-a-propria-mae-em-reboucas\/","title":{"rendered":"Homem \u00e9 preso ap\u00f3s agredir a pr\u00f3pria m\u00e3e em Rebou\u00e7as"},"content":{"rendered":"\n<p>A equipe da Pol\u00edcia Militar de Rebou\u00e7as foi acionada para atender uma ocorr\u00eancia de viol\u00eancia dom\u00e9stica na localidade de Barro Branco na manh\u00e3 \u00a0deste s\u00e1bado (22).<\/p>\n\n\n\n<p>A v\u00edtima, m\u00e3e do autor, relatou que seu filho havia chegado em casa alterado ap\u00f3s uma noite de bebida e come\u00e7ou a fazer xingamentos e amea\u00e7as.<\/p>\n\n\n\n<p>A v\u00edtima informou que o autor deu um soco em uma janela, quebrando-a e causando les\u00f5es em sua m\u00e3o direita. Al\u00e9m disso, o autor tamb\u00e9m mordeu a m\u00e3o de sua m\u00e3e.<\/p>\n\n\n\n<figure class=\"wp-block-image size-full\"><img loading=\"lazy\" decoding=\"async\" width=\"598\" height=\"204\" src=\"https:\/\/radiostudiow.com.br\/site\/wp-content\/uploads\/2025\/01\/SITE-MEDIO3.png\" alt=\"\" class=\"wp-image-32815\" srcset=\"https:\/\/radiostudiow.com.br\/site\/wp-content\/uploads\/2025\/01\/SITE-MEDIO3.png 598w, https:\/\/radiostudiow.com.br\/site\/wp-content\/uploads\/2025\/01\/SITE-MEDIO3-300x102.png 300w\" sizes=\"auto, (max-width: 598px) 100vw, 598px\" \/><\/figure>\n\n\n\n<p>A pol\u00edcia localizou o autor na resid\u00eancia, que apresentava sinais de embriaguez e ferimentos no olho esquerdo e boca. Ele alegou que havia se envolvido em uma briga com terceiros.<\/p>\n\n\n\n<p>Ambos foram conduzidos para a confec\u00e7\u00e3o do laudo de les\u00f5es corporais e posteriormente entregues \u00e0 delegacia da pol\u00edcia civil de Irati para a tomada de provid\u00eancias.<\/p>\n\n\n\n<p>Com informa\u00e7\u00f5es da Pol\u00edcia Militar.<a href=\"https:\/\/api.whatsapp.com\/send?text=Homem%20%C3%A9%20preso%20ap%C3%B3s%20agredir%20a%20pr%C3%B3pria%20m%C3%A3e%20em%20Rebou%C3%A7as%20-%20https:\/\/alvoradanoar.com.br\/noticia\/692862\" target=\"_blank\" rel=\"noreferrer noopener\"><\/a><\/p>\n","protected":false},"excerpt":{"rendered":"<p>A equipe da Pol\u00edcia Militar de Rebou\u00e7as foi acionada para atender uma ocorr\u00eancia de viol\u00eancia dom\u00e9stica na localidade de Barro Branco na manh\u00e3 \u00a0deste s\u00e1bado (22). A v\u00edtima, m\u00e3e do autor, relatou que seu filho havia chegado em casa alterado ap\u00f3s uma noite de bebida e come\u00e7ou a fazer xingamentos e amea\u00e7as. A v\u00edtima informou [&hellip;]<\/p>\n","protected":false},"author":2,"featured_media":32892,"comment_status":"open","ping_status":"open","sticky":false,"template":"","format":"standard","meta":{"footnotes":""},"categories":[2],"tags":[172],"class_list":["post-34634","post","type-post","status-publish","format-standard","has-post-thumbnail","hentry","category-policial","tag-featured"],"amp_enabled":true,"_links":{"self":[{"href":"https:\/\/radiostudiow.com.br\/site\/wp-json\/wp\/v2\/posts\/34634","targetHints":{"allow":["GET"]}}],"collection":[{"href":"https:\/\/radiostudiow.com.br\/site\/wp-json\/wp\/v2\/posts"}],"about":[{"href":"https:\/\/radiostudiow.com.br\/site\/wp-json\/wp\/v2\/types\/post"}],"author":[{"embeddable":true,"href":"https:\/\/radiostudiow.com.br\/site\/wp-json\/wp\/v2\/users\/2"}],"replies":[{"embeddable":true,"href":"https:\/\/radiostudiow.com.br\/site\/wp-json\/wp\/v2\/comments?post=34634"}],"version-history":[{"count":2,"href":"https:\/\/radiostudiow.com.br\/site\/wp-json\/wp\/v2\/posts\/34634\/revisions"}],"predecessor-version":[{"id":34643,"href":"https:\/\/radiostudiow.com.br\/site\/wp-json\/wp\/v2\/posts\/34634\/revisions\/34643"}],"wp:featuredmedia":[{"embeddable":true,"href":"https:\/\/radiostudiow.com.br\/site\/wp-json\/wp\/v2\/media\/32892"}],"wp:attachment":[{"href":"https:\/\/radiostudiow.com.br\/site\/wp-json\/wp\/v2\/media?parent=34634"}],"wp:term":[{"taxonomy":"category","embeddable":true,"href":"https:\/\/radiostudiow.com.br\/site\/wp-json\/wp\/v2\/categories?post=34634"},{"taxonomy":"post_tag","embeddable":true,"href":"https:\/\/radiostudiow.com.br\/site\/wp-json\/wp\/v2\/tags?post=34634"}],"curies":[{"name":"wp","href":"https:\/\/api.w.org\/{rel}","templated":true}]}}