{"id":34638,"date":"2025-02-25T09:18:33","date_gmt":"2025-02-25T12:18:33","guid":{"rendered":"https:\/\/radiostudiow.com.br\/site\/?p=34638"},"modified":"2025-02-25T09:18:34","modified_gmt":"2025-02-25T12:18:34","slug":"dois-medicos-foram-presos-em-flagrante-por-exercicio-ilegal-da-medicina-e-falsidade-ideologica-em-irati","status":"publish","type":"post","link":"https:\/\/radiostudiow.com.br\/site\/2025\/02\/25\/dois-medicos-foram-presos-em-flagrante-por-exercicio-ilegal-da-medicina-e-falsidade-ideologica-em-irati\/","title":{"rendered":"DOIS M\u00c9DICOS FORAM PRESOS EM FLAGRANTE POR EXERC\u00cdCIO ILEGAL DA MEDICINA E FALSIDADE IDEOL\u00d3GICA, EM IRATI"},"content":{"rendered":"\n<p>Dois m\u00e9dicos foram presos em flagrante na tarde de domingo (23) em Irati por exerc\u00edcio ilegal da medicina e falsidade ideol\u00f3gica. O caso ocorreu na Unidade de Pronto Atendimento (UPA) do munic\u00edpio e foi registrado pela 8\u00aa Companhia Independente da Pol\u00edcia Militar (CIPM).<\/p>\n\n\n\n<p>A situa\u00e7\u00e3o veio \u00e0 tona ap\u00f3s uma mulher procurar a pol\u00edcia relatando que sua filha, de 18 anos, havia sido atendida na UPA de Irati, mas a receita m\u00e9dica estava assinada e carimbada com o nome de um profissional que n\u00e3o participou da consulta. Ao verificarem a den\u00fancia, os policiais constataram que o atendimento foi realizado por um m\u00e9dico graduado no exterior que n\u00e3o possui o Revalida, exame obrigat\u00f3rio para exerc\u00edcio da profiss\u00e3o no Brasil.<\/p>\n\n\n\n<figure class=\"wp-block-image size-full\"><img loading=\"lazy\" decoding=\"async\" width=\"897\" height=\"204\" src=\"https:\/\/radiostudiow.com.br\/site\/wp-content\/uploads\/2025\/01\/SITE-GRANDE2.png\" alt=\"\" class=\"wp-image-32805\" srcset=\"https:\/\/radiostudiow.com.br\/site\/wp-content\/uploads\/2025\/01\/SITE-GRANDE2.png 897w, https:\/\/radiostudiow.com.br\/site\/wp-content\/uploads\/2025\/01\/SITE-GRANDE2-300x68.png 300w, https:\/\/radiostudiow.com.br\/site\/wp-content\/uploads\/2025\/01\/SITE-GRANDE2-768x175.png 768w\" sizes=\"auto, (max-width: 897px) 100vw, 897px\" \/><\/figure>\n\n\n\n<p>Questionado, o m\u00e9dico respons\u00e1vel pelo carimbo admitiu que supervisiona os atendimentos do colega na unidade, mas que, no momento espec\u00edfico, n\u00e3o acompanhava a consulta. Ambos foram encaminhados \u00e0 Delegacia de Pol\u00edcia Civil, onde tiveram a pris\u00e3o em flagrante mantida.<\/p>\n\n\n\n<p><strong>A SEGUIR A NOTA DA PREFEITURA DO MUNIC\u00cdPIO DE IRATI A RESPEITO DO CASO.<\/strong><\/p>\n\n\n\n<p><em>NOTA P\u00daBLICA<\/em><\/p>\n\n\n\n<p>A PREFEITURA DE IRATI vem se posicionar a respeito da den\u00fancia envolvendo exerc\u00edcio irregular da Medicina no Pronto Atendimento, no \u00faltimo dia 23 de fevereiro (domingo).<\/p>\n\n\n\n<p>Trata de den\u00fancia formalizada no Boletim de Ocorr\u00eancia n\u00ba 241979\/2025, em que uma cidad\u00e3 aponta que um m\u00e9dico que prestava atendimento no Pronto Atendimento estaria sendo substitu\u00eddo por outro profissional, com forma\u00e7\u00e3o no exterior e desprovido de aprova\u00e7\u00e3o no Revalida, realizando atendimentos e prescri\u00e7\u00f5es.<\/p>\n\n\n\n<figure class=\"wp-block-image size-full\"><img decoding=\"async\" src=\"https:\/\/radiostudiow.com.br\/site\/wp-content\/uploads\/2025\/02\/SITE-E-TV.png\" alt=\"\" class=\"wp-image-33896\"\/><\/figure>\n\n\n\n<p>Os gestores do Executivo Municipal, assim que tomaram ci\u00eancia do Boletim de Ocorr\u00eancia, tomaram imediatas provid\u00eancias, notificando a empresa respons\u00e1vel pelos servi\u00e7os do Pronto Atendimento no domingo e determinando a imediata substitui\u00e7\u00e3o do profissional acusado da irregularidade, de modo que houve a imediata interrup\u00e7\u00e3o do exerc\u00edcio irregular da Medicina.<\/p>\n\n\n\n<p>Al\u00e9m disso, o Secret\u00e1rio de Sa\u00fade prestou depoimento junto \u00e0 Delegacia de Pol\u00edcia, perante Delegado plantonista, e informou que N\u00c3O EXISTE no \u00e2mbito do Munic\u00edpio de Irati qualquer programa que autorize o exerc\u00edcio de atividades supervisionadas no \u00e2mbito da Medicina.<\/p>\n\n\n\n<p>Todo servi\u00e7o de natureza m\u00e9dica deve ser prestado por profissional qualificado, que atenda aos requisitos da lei e dos editais de credenciamento. Qualquer viola\u00e7\u00e3o a essas regras n\u00e3o ser\u00e1 tolerada pela Administra\u00e7\u00e3o.<\/p>\n\n\n\n<figure class=\"wp-block-image size-full\"><img loading=\"lazy\" decoding=\"async\" width=\"897\" height=\"204\" src=\"https:\/\/radiostudiow.com.br\/site\/wp-content\/uploads\/2025\/01\/SITE-GRANDE.png\" alt=\"\" class=\"wp-image-32809\" srcset=\"https:\/\/radiostudiow.com.br\/site\/wp-content\/uploads\/2025\/01\/SITE-GRANDE.png 897w, https:\/\/radiostudiow.com.br\/site\/wp-content\/uploads\/2025\/01\/SITE-GRANDE-300x68.png 300w, https:\/\/radiostudiow.com.br\/site\/wp-content\/uploads\/2025\/01\/SITE-GRANDE-768x175.png 768w\" sizes=\"auto, (max-width: 897px) 100vw, 897px\" \/><\/figure>\n\n\n\n<p>Por fim, cabe destacar que o Prefeito Emiliano Gomes assinou nesta segunda-feira, 24 de fevereiro, o Decreto n\u00ba 115\/2025, que instaura SINDIC\u00c2NCIA ADMINISTRATIVA para a completa apura\u00e7\u00e3o dos fatos, buscando averiguar todo e qualquer caso de viola\u00e7\u00e3o aos direitos dos cidad\u00e3os relacionados ao exerc\u00edcio regular da Medicina.<\/p>\n\n\n\n<p>No Decreto O PREFEITO DETERMINOU O DESCREDENCIAMENTO DA EMPRESA, que havia sido credenciada em 9 de setembro de 2024 no Edital n\u00ba 053\/2024, e tamb\u00e9m DETERMINOU O AFASTAMENTO CAUTELAR DO M\u00c9DICO RESPONS\u00c1VEL pelo plant\u00e3o do domingo.<\/p>\n","protected":false},"excerpt":{"rendered":"<p>Dois m\u00e9dicos foram presos em flagrante na tarde de domingo (23) em Irati por exerc\u00edcio ilegal da medicina e falsidade ideol\u00f3gica. O caso ocorreu na Unidade de Pronto Atendimento (UPA) do munic\u00edpio e foi registrado pela 8\u00aa Companhia Independente da Pol\u00edcia Militar (CIPM). A situa\u00e7\u00e3o veio \u00e0 tona ap\u00f3s uma mulher procurar a pol\u00edcia relatando [&hellip;]<\/p>\n","protected":false},"author":2,"featured_media":32720,"comment_status":"open","ping_status":"open","sticky":false,"template":"","format":"standard","meta":{"footnotes":""},"categories":[2],"tags":[172],"class_list":["post-34638","post","type-post","status-publish","format-standard","has-post-thumbnail","hentry","category-policial","tag-featured"],"amp_enabled":true,"_links":{"self":[{"href":"https:\/\/radiostudiow.com.br\/site\/wp-json\/wp\/v2\/posts\/34638","targetHints":{"allow":["GET"]}}],"collection":[{"href":"https:\/\/radiostudiow.com.br\/site\/wp-json\/wp\/v2\/posts"}],"about":[{"href":"https:\/\/radiostudiow.com.br\/site\/wp-json\/wp\/v2\/types\/post"}],"author":[{"embeddable":true,"href":"https:\/\/radiostudiow.com.br\/site\/wp-json\/wp\/v2\/users\/2"}],"replies":[{"embeddable":true,"href":"https:\/\/radiostudiow.com.br\/site\/wp-json\/wp\/v2\/comments?post=34638"}],"version-history":[{"count":2,"href":"https:\/\/radiostudiow.com.br\/site\/wp-json\/wp\/v2\/posts\/34638\/revisions"}],"predecessor-version":[{"id":34641,"href":"https:\/\/radiostudiow.com.br\/site\/wp-json\/wp\/v2\/posts\/34638\/revisions\/34641"}],"wp:featuredmedia":[{"embeddable":true,"href":"https:\/\/radiostudiow.com.br\/site\/wp-json\/wp\/v2\/media\/32720"}],"wp:attachment":[{"href":"https:\/\/radiostudiow.com.br\/site\/wp-json\/wp\/v2\/media?parent=34638"}],"wp:term":[{"taxonomy":"category","embeddable":true,"href":"https:\/\/radiostudiow.com.br\/site\/wp-json\/wp\/v2\/categories?post=34638"},{"taxonomy":"post_tag","embeddable":true,"href":"https:\/\/radiostudiow.com.br\/site\/wp-json\/wp\/v2\/tags?post=34638"}],"curies":[{"name":"wp","href":"https:\/\/api.w.org\/{rel}","templated":true}]}}