{"id":3464,"date":"2021-08-31T11:12:12","date_gmt":"2021-08-31T14:12:12","guid":{"rendered":"https:\/\/radiostudiow.com.br\/site\/?p=3464"},"modified":"2025-01-31T15:12:29","modified_gmt":"2025-01-31T18:12:29","slug":"adolescente-e-morto-a-tiros-em-prudentopolis","status":"publish","type":"post","link":"https:\/\/radiostudiow.com.br\/site\/2021\/08\/31\/adolescente-e-morto-a-tiros-em-prudentopolis\/","title":{"rendered":"Adolescente \u00e9 morto a tiros em Prudent\u00f3polis"},"content":{"rendered":"\n<p>O adolescente Jean Kayky Do Nascimento Klaus, 17 anos, foi morto com v\u00e1rios tiros na manh\u00e3 dessa segunda- feira, 30 de agosto, enquanto trabalhava em uma f\u00e1brica de m\u00f3veis planejados na rua Prefeito Afonso Ditzel, centro de Prudent\u00f3polis.<\/p>\n\n\n\n<p>O primo de Jean, que tamb\u00e9m estava trabalhando foi atingido por um tiro no abd\u00f4men, foi socorrido pelos Bombeiros e encaminhado at\u00e9 um Hospital na cidade de Prudent\u00f3polis. No per\u00edodo da tarde foi transferido para a UTI de um Hospital em Guarapuava, a princ\u00edpio, em estado grave.<\/p>\n\n\n\n<p>Por volta das 13:00 horas a Pol\u00edcia Civil de Prudent\u00f3polis prendeu um dos suspeitos de terem executado Jean na localidade de Manduri, \u00e1rea rural do munic\u00edpio, o outro suspeito fugiu em uma mata e at\u00e9 o momento n\u00e3o foi localizado. O ve\u00edculo utilizado pelos assassinos tamb\u00e9m foi apreendido pela Pol\u00edcia Civil.<\/p>\n\n\n\n<p>O indiv\u00edduo que foi preso e o ve\u00edculo foram levados at\u00e9 a 14\u00aa SDP de Prudent\u00f3polis, e est\u00e3o a disposi\u00e7\u00e3o da justi\u00e7a. Corpo de Jean foi identificado e liberado ao IML<\/p>\n\n\n\n<figure class=\"wp-block-image size-full\"><img decoding=\"async\" src=\"https:\/\/radiostudiow.com.br\/site\/wp-content\/uploads\/2021\/08\/SICREDI.jpg\" alt=\"\" class=\"wp-image-3405\"\/><\/figure>\n\n\n\n<p>Fonte: <a href=\"https:\/\/copasverdesfm.com.br\/\" data-type=\"URL\" data-id=\"https:\/\/copasverdesfm.com.br\/\">Copas Verdes FM<\/a><\/p>\n","protected":false},"excerpt":{"rendered":"<p>O adolescente Jean Kayky Do Nascimento Klaus, 17 anos, foi morto com v\u00e1rios tiros na manh\u00e3 dessa segunda- feira, 30 de agosto, enquanto trabalhava em uma f\u00e1brica de m\u00f3veis planejados na rua Prefeito Afonso Ditzel, centro de Prudent\u00f3polis. O primo de Jean, que tamb\u00e9m estava trabalhando foi atingido por um tiro no abd\u00f4men, foi socorrido [&hellip;]<\/p>\n","protected":false},"author":2,"featured_media":0,"comment_status":"open","ping_status":"open","sticky":false,"template":"","format":"standard","meta":{"footnotes":""},"categories":[2],"tags":[172],"class_list":["post-3464","post","type-post","status-publish","format-standard","hentry","category-policial","tag-featured"],"amp_enabled":true,"_links":{"self":[{"href":"https:\/\/radiostudiow.com.br\/site\/wp-json\/wp\/v2\/posts\/3464","targetHints":{"allow":["GET"]}}],"collection":[{"href":"https:\/\/radiostudiow.com.br\/site\/wp-json\/wp\/v2\/posts"}],"about":[{"href":"https:\/\/radiostudiow.com.br\/site\/wp-json\/wp\/v2\/types\/post"}],"author":[{"embeddable":true,"href":"https:\/\/radiostudiow.com.br\/site\/wp-json\/wp\/v2\/users\/2"}],"replies":[{"embeddable":true,"href":"https:\/\/radiostudiow.com.br\/site\/wp-json\/wp\/v2\/comments?post=3464"}],"version-history":[{"count":3,"href":"https:\/\/radiostudiow.com.br\/site\/wp-json\/wp\/v2\/posts\/3464\/revisions"}],"predecessor-version":[{"id":3468,"href":"https:\/\/radiostudiow.com.br\/site\/wp-json\/wp\/v2\/posts\/3464\/revisions\/3468"}],"wp:attachment":[{"href":"https:\/\/radiostudiow.com.br\/site\/wp-json\/wp\/v2\/media?parent=3464"}],"wp:term":[{"taxonomy":"category","embeddable":true,"href":"https:\/\/radiostudiow.com.br\/site\/wp-json\/wp\/v2\/categories?post=3464"},{"taxonomy":"post_tag","embeddable":true,"href":"https:\/\/radiostudiow.com.br\/site\/wp-json\/wp\/v2\/tags?post=3464"}],"curies":[{"name":"wp","href":"https:\/\/api.w.org\/{rel}","templated":true}]}}