{"id":34656,"date":"2025-02-25T10:05:01","date_gmt":"2025-02-25T13:05:01","guid":{"rendered":"https:\/\/radiostudiow.com.br\/site\/?p=34656"},"modified":"2025-02-25T10:05:02","modified_gmt":"2025-02-25T13:05:02","slug":"casa-fica-completamente-destruida-apos-incendio-no-interior-de-sao-mateus-do-sul","status":"publish","type":"post","link":"https:\/\/radiostudiow.com.br\/site\/2025\/02\/25\/casa-fica-completamente-destruida-apos-incendio-no-interior-de-sao-mateus-do-sul\/","title":{"rendered":"Casa fica completamente destru\u00edda ap\u00f3s inc\u00eandio no interior de S\u00e3o Mateus do Sul"},"content":{"rendered":"\n<p>Um inc\u00eandio de grandes propor\u00e7\u00f5es destruiu uma resid\u00eancia localizada na localidade Barra do Potinga, interior de S\u00e3o Mateus do Sul por volta das 16h30min da tarde desta segunda-feira (24).<\/p>\n\n\n\n<p>Felizmente, o incidente n\u00e3o deixou v\u00edtimas, mas causou danos materiais significativos, com a casa de madeira de aproximadamente 300 m\u00b2 sendo totalmente consumida pelas chamas.<\/p>\n\n\n\n<figure class=\"wp-block-image size-full\"><img loading=\"lazy\" decoding=\"async\" width=\"598\" height=\"204\" src=\"https:\/\/radiostudiow.com.br\/site\/wp-content\/uploads\/2025\/01\/SITE-MEDIO7.png\" alt=\"\" class=\"wp-image-32801\" srcset=\"https:\/\/radiostudiow.com.br\/site\/wp-content\/uploads\/2025\/01\/SITE-MEDIO7.png 598w, https:\/\/radiostudiow.com.br\/site\/wp-content\/uploads\/2025\/01\/SITE-MEDIO7-300x102.png 300w\" sizes=\"auto, (max-width: 598px) 100vw, 598px\" \/><\/figure>\n\n\n\n<p>O caso foi inicialmente complicado pela falta de cobertura de telefonia na regi\u00e3o. O solicitante, que tentou contato com o Corpo de Bombeiros atrav\u00e9s do n\u00famero 193, n\u00e3o obteve sucesso devido \u00e0 aus\u00eancia de sinal na localidade. No entanto, ele conseguiu acionar um bombeiro de folga por meio de um aplicativo de mensagens, garantindo que o atendimento fosse prontamente iniciado.<\/p>\n\n\n\n<p>Para o atendimento, o Corpo de Bombeiros de S\u00e3o Mateus do Sul enviou duas viaturas e contou com o apoio de um caminh\u00e3o pipa da Defesa Civil, que foi essencial para o controle do inc\u00eandio.<\/p>\n\n\n\n<figure class=\"wp-block-image size-full\"><img loading=\"lazy\" decoding=\"async\" width=\"897\" height=\"204\" src=\"https:\/\/radiostudiow.com.br\/site\/wp-content\/uploads\/2025\/01\/SITE-GRANDE4.png\" alt=\"\" class=\"wp-image-32888\" srcset=\"https:\/\/radiostudiow.com.br\/site\/wp-content\/uploads\/2025\/01\/SITE-GRANDE4.png 897w, https:\/\/radiostudiow.com.br\/site\/wp-content\/uploads\/2025\/01\/SITE-GRANDE4-300x68.png 300w, https:\/\/radiostudiow.com.br\/site\/wp-content\/uploads\/2025\/01\/SITE-GRANDE4-768x175.png 768w\" sizes=\"auto, (max-width: 897px) 100vw, 897px\" \/><\/figure>\n\n\n\n<p>Quando os bombeiros chegaram ao local, a resid\u00eancia j\u00e1 estava completamente tomada pelo fogo. Os vizinhos informaram que, ao perceberem o inc\u00eandio, a casa j\u00e1 estava em chamas.<\/p>\n\n\n\n<p>A a\u00e7\u00e3o foi imediata, com equipes combatendo as chamas em dois pontos estrat\u00e9gicos: uma linha de ataque na parte dos fundos da casa e outra na entrada principal. O fogo foi controlado em aproximadamente 20 minutos, e o rescaldo, que durou cerca de 80 minutos, foi conclu\u00eddo com sucesso.<\/p>\n\n\n\n<p><strong><em>Fotos: Bombeiros<\/em><\/strong><\/p>\n\n\n\n<figure class=\"wp-block-image size-full\"><img loading=\"lazy\" decoding=\"async\" width=\"1024\" height=\"576\" src=\"https:\/\/radiostudiow.com.br\/site\/wp-content\/uploads\/2025\/02\/image-103.png\" alt=\"\" class=\"wp-image-34660\" srcset=\"https:\/\/radiostudiow.com.br\/site\/wp-content\/uploads\/2025\/02\/image-103.png 1024w, https:\/\/radiostudiow.com.br\/site\/wp-content\/uploads\/2025\/02\/image-103-300x169.png 300w, https:\/\/radiostudiow.com.br\/site\/wp-content\/uploads\/2025\/02\/image-103-768x432.png 768w\" sizes=\"auto, (max-width: 1024px) 100vw, 1024px\" \/><\/figure>\n\n\n\n<figure class=\"wp-block-image size-full\"><img decoding=\"async\" src=\"https:\/\/radiostudiow.com.br\/site\/wp-content\/uploads\/2025\/02\/image-102.png\" alt=\"\" class=\"wp-image-34659\"\/><\/figure>\n","protected":false},"excerpt":{"rendered":"<p>Um inc\u00eandio de grandes propor\u00e7\u00f5es destruiu uma resid\u00eancia localizada na localidade Barra do Potinga, interior de S\u00e3o Mateus do Sul por volta das 16h30min da tarde desta segunda-feira (24). Felizmente, o incidente n\u00e3o deixou v\u00edtimas, mas causou danos materiais significativos, com a casa de madeira de aproximadamente 300 m\u00b2 sendo totalmente consumida pelas chamas. O [&hellip;]<\/p>\n","protected":false},"author":2,"featured_media":34657,"comment_status":"open","ping_status":"open","sticky":false,"template":"","format":"standard","meta":{"footnotes":""},"categories":[185],"tags":[172],"class_list":["post-34656","post","type-post","status-publish","format-standard","has-post-thumbnail","hentry","category-regional","tag-featured"],"amp_enabled":true,"_links":{"self":[{"href":"https:\/\/radiostudiow.com.br\/site\/wp-json\/wp\/v2\/posts\/34656","targetHints":{"allow":["GET"]}}],"collection":[{"href":"https:\/\/radiostudiow.com.br\/site\/wp-json\/wp\/v2\/posts"}],"about":[{"href":"https:\/\/radiostudiow.com.br\/site\/wp-json\/wp\/v2\/types\/post"}],"author":[{"embeddable":true,"href":"https:\/\/radiostudiow.com.br\/site\/wp-json\/wp\/v2\/users\/2"}],"replies":[{"embeddable":true,"href":"https:\/\/radiostudiow.com.br\/site\/wp-json\/wp\/v2\/comments?post=34656"}],"version-history":[{"count":1,"href":"https:\/\/radiostudiow.com.br\/site\/wp-json\/wp\/v2\/posts\/34656\/revisions"}],"predecessor-version":[{"id":34661,"href":"https:\/\/radiostudiow.com.br\/site\/wp-json\/wp\/v2\/posts\/34656\/revisions\/34661"}],"wp:featuredmedia":[{"embeddable":true,"href":"https:\/\/radiostudiow.com.br\/site\/wp-json\/wp\/v2\/media\/34657"}],"wp:attachment":[{"href":"https:\/\/radiostudiow.com.br\/site\/wp-json\/wp\/v2\/media?parent=34656"}],"wp:term":[{"taxonomy":"category","embeddable":true,"href":"https:\/\/radiostudiow.com.br\/site\/wp-json\/wp\/v2\/categories?post=34656"},{"taxonomy":"post_tag","embeddable":true,"href":"https:\/\/radiostudiow.com.br\/site\/wp-json\/wp\/v2\/tags?post=34656"}],"curies":[{"name":"wp","href":"https:\/\/api.w.org\/{rel}","templated":true}]}}