{"id":34662,"date":"2025-02-25T10:19:29","date_gmt":"2025-02-25T13:19:29","guid":{"rendered":"https:\/\/radiostudiow.com.br\/site\/?p=34662"},"modified":"2025-02-25T10:19:30","modified_gmt":"2025-02-25T13:19:30","slug":"identificado-jovem-encontrado-morto-em-porto-uniao","status":"publish","type":"post","link":"https:\/\/radiostudiow.com.br\/site\/2025\/02\/25\/identificado-jovem-encontrado-morto-em-porto-uniao\/","title":{"rendered":"Identificado jovem encontrado morto em Porto Uni\u00e3o"},"content":{"rendered":"\n<p>Foi identificado como Eric Miguel da Igreja de 23 anos o jovem que foi encontrado morto na tarde deste domingo, 23 de fevereiro, no bairro Morro da Cruz em Porto Uni\u00e3o.<\/p>\n\n\n\n<figure class=\"wp-block-image size-full\"><img loading=\"lazy\" decoding=\"async\" width=\"897\" height=\"204\" src=\"https:\/\/radiostudiow.com.br\/site\/wp-content\/uploads\/2025\/01\/SITE-GRANDE5.png\" alt=\"\" class=\"wp-image-32814\" srcset=\"https:\/\/radiostudiow.com.br\/site\/wp-content\/uploads\/2025\/01\/SITE-GRANDE5.png 897w, https:\/\/radiostudiow.com.br\/site\/wp-content\/uploads\/2025\/01\/SITE-GRANDE5-300x68.png 300w, https:\/\/radiostudiow.com.br\/site\/wp-content\/uploads\/2025\/01\/SITE-GRANDE5-768x175.png 768w\" sizes=\"auto, (max-width: 897px) 100vw, 897px\" \/><\/figure>\n\n\n\n<p>O Corpo de Bombeiros foi acionado e, ao chegar ao local, constatou a aus\u00eancia total de sinais vitais.<\/p>\n\n\n\n<p>A Pol\u00edcia Militar chegou rapidamente para isolar a \u00e1rea e acionar a Pol\u00edcia Cient\u00edfica, que iniciou os trabalhos de per\u00edcia.<\/p>\n\n\n\n<figure class=\"wp-block-embed is-type-wp-embed is-provider-studio-w wp-block-embed-studio-w\"><div class=\"wp-block-embed__wrapper\">\n<blockquote class=\"wp-embedded-content\" data-secret=\"TzSwGupgRX\"><a href=\"https:\/\/radiostudiow.com.br\/site\/2025\/02\/24\/jovem-de-23-anos-e-encontrado-morto-em-porto-uniaov\/\">Jovem de 23 anos \u00e9 encontrado morto em Porto Uni\u00e3o<\/a><\/blockquote><iframe loading=\"lazy\" class=\"wp-embedded-content\" sandbox=\"allow-scripts\" security=\"restricted\" style=\"position: absolute; visibility: hidden;\" title=\"&#8220;Jovem de 23 anos \u00e9 encontrado morto em Porto Uni\u00e3o&#8221; &#8212; Studio W\" src=\"https:\/\/radiostudiow.com.br\/site\/2025\/02\/24\/jovem-de-23-anos-e-encontrado-morto-em-porto-uniaov\/embed\/#?secret=tm2tVp5qOb#?secret=TzSwGupgRX\" data-secret=\"TzSwGupgRX\" width=\"600\" height=\"338\" frameborder=\"0\" marginwidth=\"0\" marginheight=\"0\" scrolling=\"no\"><\/iframe>\n<\/div><\/figure>\n","protected":false},"excerpt":{"rendered":"<p>Foi identificado como Eric Miguel da Igreja de 23 anos o jovem que foi encontrado morto na tarde deste domingo, 23 de fevereiro, no bairro Morro da Cruz em Porto Uni\u00e3o. O Corpo de Bombeiros foi acionado e, ao chegar ao local, constatou a aus\u00eancia total de sinais vitais. A Pol\u00edcia Militar chegou rapidamente para [&hellip;]<\/p>\n","protected":false},"author":2,"featured_media":34663,"comment_status":"open","ping_status":"open","sticky":false,"template":"","format":"standard","meta":{"footnotes":""},"categories":[185],"tags":[172],"class_list":["post-34662","post","type-post","status-publish","format-standard","has-post-thumbnail","hentry","category-regional","tag-featured"],"amp_enabled":true,"_links":{"self":[{"href":"https:\/\/radiostudiow.com.br\/site\/wp-json\/wp\/v2\/posts\/34662","targetHints":{"allow":["GET"]}}],"collection":[{"href":"https:\/\/radiostudiow.com.br\/site\/wp-json\/wp\/v2\/posts"}],"about":[{"href":"https:\/\/radiostudiow.com.br\/site\/wp-json\/wp\/v2\/types\/post"}],"author":[{"embeddable":true,"href":"https:\/\/radiostudiow.com.br\/site\/wp-json\/wp\/v2\/users\/2"}],"replies":[{"embeddable":true,"href":"https:\/\/radiostudiow.com.br\/site\/wp-json\/wp\/v2\/comments?post=34662"}],"version-history":[{"count":1,"href":"https:\/\/radiostudiow.com.br\/site\/wp-json\/wp\/v2\/posts\/34662\/revisions"}],"predecessor-version":[{"id":34664,"href":"https:\/\/radiostudiow.com.br\/site\/wp-json\/wp\/v2\/posts\/34662\/revisions\/34664"}],"wp:featuredmedia":[{"embeddable":true,"href":"https:\/\/radiostudiow.com.br\/site\/wp-json\/wp\/v2\/media\/34663"}],"wp:attachment":[{"href":"https:\/\/radiostudiow.com.br\/site\/wp-json\/wp\/v2\/media?parent=34662"}],"wp:term":[{"taxonomy":"category","embeddable":true,"href":"https:\/\/radiostudiow.com.br\/site\/wp-json\/wp\/v2\/categories?post=34662"},{"taxonomy":"post_tag","embeddable":true,"href":"https:\/\/radiostudiow.com.br\/site\/wp-json\/wp\/v2\/tags?post=34662"}],"curies":[{"name":"wp","href":"https:\/\/api.w.org\/{rel}","templated":true}]}}