{"id":34667,"date":"2025-02-25T16:21:20","date_gmt":"2025-02-25T19:21:20","guid":{"rendered":"https:\/\/radiostudiow.com.br\/site\/?p=34667"},"modified":"2025-02-25T16:21:20","modified_gmt":"2025-02-25T19:21:20","slug":"saude-confirma-dois-obitos-e-1-785-novos-casos-de-dengue-no-parana","status":"publish","type":"post","link":"https:\/\/radiostudiow.com.br\/site\/2025\/02\/25\/saude-confirma-dois-obitos-e-1-785-novos-casos-de-dengue-no-parana\/","title":{"rendered":"Sa\u00fade confirma dois \u00f3bitos e 1.785 novos casos de dengue no Paran\u00e1"},"content":{"rendered":"\n<p>A Secretaria da Sa\u00fade do Paran\u00e1 (Sesa), por meio da Coordenadoria Estadual de Vigil\u00e2ncia Ambiental, divulgou nesta ter\u00e7a-feira (25) o informe semanal da dengue. O boletim registra&nbsp;1.785 novos casos da doen\u00e7a e dois \u00f3bitos&nbsp;no Paran\u00e1.<\/p>\n\n\n\n<figure class=\"wp-block-image size-full\"><img loading=\"lazy\" decoding=\"async\" width=\"598\" height=\"204\" src=\"https:\/\/radiostudiow.com.br\/site\/wp-content\/uploads\/2025\/01\/SITE-MEDIO.png\" alt=\"\" class=\"wp-image-32810\" srcset=\"https:\/\/radiostudiow.com.br\/site\/wp-content\/uploads\/2025\/01\/SITE-MEDIO.png 598w, https:\/\/radiostudiow.com.br\/site\/wp-content\/uploads\/2025\/01\/SITE-MEDIO-300x102.png 300w\" sizes=\"auto, (max-width: 598px) 100vw, 598px\" \/><\/figure>\n\n\n\n<p>Desde o in\u00edcio do novo ano epidemiol\u00f3gico de 2025, o Estado j\u00e1 contabiliza&nbsp;36.804 notifica\u00e7\u00f5es, 7.108 casos confirmados e quatro mortes&nbsp;em decorr\u00eancia da dengue.<\/p>\n\n\n\n<p>Os dois \u00f3bitos registrados no informe desta semana ocorreram em janeiro de 2025. Uma das v\u00edtimas \u00e9 um paciente de&nbsp;61 anos, residente em Cianorte (13\u00aa RS), que tinha doen\u00e7a pulmonar obstrutiva cr\u00f4nica (DPOC).&nbsp;O outro caso \u00e9 de uma mulher de&nbsp;58 anos, sem comorbidades, moradora de Porecatu (17\u00aa RS).<\/p>\n\n\n\n<p>No total, 374 munic\u00edpios j\u00e1 apresentaram notifica\u00e7\u00f5es da doen\u00e7a, transmitida pelo mosquito&nbsp;Aedes aegypti, e 240 possuem casos confirmados.<\/p>\n\n\n\n<figure class=\"wp-block-image size-full\"><img decoding=\"async\" src=\"https:\/\/radiostudiow.com.br\/site\/wp-content\/uploads\/2025\/02\/SITE-E-TV.png\" alt=\"\" class=\"wp-image-33896\"\/><\/figure>\n\n\n\n<p>As Regionais da Sa\u00fade com os mais n\u00fameros de casos confirmados neste per\u00edodo epidemiol\u00f3gico s\u00e3o a Paranava\u00ed (2.250); de Londrina (1.387); de Umuarama (623); Maring\u00e1 (537) e Cianorte (443).<\/p>\n\n\n\n<p>OUTRAS ARBOVIROSES&nbsp;\u2013&nbsp;A publica\u00e7\u00e3o traz ainda dados sobre Chikungunya e Zika, doen\u00e7as que tamb\u00e9m t\u00eam como vetor o mosquito&nbsp;Aedes aegypti. Foram confirmados 279 casos de Chikungunya, com um total de 746 notifica\u00e7\u00f5es da doen\u00e7a no Estado. No que se refere ao Zika V\u00edrus, at\u00e9 o momento foram registradas 18 notifica\u00e7\u00f5es e nenhum caso foi confirmado.<\/p>\n\n\n\n<p>Confira o Informe Semanal completo&nbsp;&nbsp;<strong><a href=\"https:\/\/www.dengue.pr.gov.br\/Pagina\/Boletins-da-Dengue\" target=\"_blank\" rel=\"noreferrer noopener\">AQUI<\/a><\/strong>&nbsp;. Mais informa\u00e7\u00f5es sobre a dengue est\u00e3o&nbsp;neste&nbsp;<strong><a href=\"https:\/\/www.dengue.pr.gov.br\/\" target=\"_blank\" rel=\"noreferrer noopener\">LINK<\/a><\/strong>.<\/p>\n","protected":false},"excerpt":{"rendered":"<p>A Secretaria da Sa\u00fade do Paran\u00e1 (Sesa), por meio da Coordenadoria Estadual de Vigil\u00e2ncia Ambiental, divulgou nesta ter\u00e7a-feira (25) o informe semanal da dengue. O boletim registra&nbsp;1.785 novos casos da doen\u00e7a e dois \u00f3bitos&nbsp;no Paran\u00e1. Desde o in\u00edcio do novo ano epidemiol\u00f3gico de 2025, o Estado j\u00e1 contabiliza&nbsp;36.804 notifica\u00e7\u00f5es, 7.108 casos confirmados e quatro mortes&nbsp;em [&hellip;]<\/p>\n","protected":false},"author":2,"featured_media":33421,"comment_status":"open","ping_status":"open","sticky":false,"template":"","format":"standard","meta":{"footnotes":""},"categories":[182],"tags":[172],"class_list":["post-34667","post","type-post","status-publish","format-standard","has-post-thumbnail","hentry","category-saude","tag-featured"],"amp_enabled":true,"_links":{"self":[{"href":"https:\/\/radiostudiow.com.br\/site\/wp-json\/wp\/v2\/posts\/34667","targetHints":{"allow":["GET"]}}],"collection":[{"href":"https:\/\/radiostudiow.com.br\/site\/wp-json\/wp\/v2\/posts"}],"about":[{"href":"https:\/\/radiostudiow.com.br\/site\/wp-json\/wp\/v2\/types\/post"}],"author":[{"embeddable":true,"href":"https:\/\/radiostudiow.com.br\/site\/wp-json\/wp\/v2\/users\/2"}],"replies":[{"embeddable":true,"href":"https:\/\/radiostudiow.com.br\/site\/wp-json\/wp\/v2\/comments?post=34667"}],"version-history":[{"count":1,"href":"https:\/\/radiostudiow.com.br\/site\/wp-json\/wp\/v2\/posts\/34667\/revisions"}],"predecessor-version":[{"id":34670,"href":"https:\/\/radiostudiow.com.br\/site\/wp-json\/wp\/v2\/posts\/34667\/revisions\/34670"}],"wp:featuredmedia":[{"embeddable":true,"href":"https:\/\/radiostudiow.com.br\/site\/wp-json\/wp\/v2\/media\/33421"}],"wp:attachment":[{"href":"https:\/\/radiostudiow.com.br\/site\/wp-json\/wp\/v2\/media?parent=34667"}],"wp:term":[{"taxonomy":"category","embeddable":true,"href":"https:\/\/radiostudiow.com.br\/site\/wp-json\/wp\/v2\/categories?post=34667"},{"taxonomy":"post_tag","embeddable":true,"href":"https:\/\/radiostudiow.com.br\/site\/wp-json\/wp\/v2\/tags?post=34667"}],"curies":[{"name":"wp","href":"https:\/\/api.w.org\/{rel}","templated":true}]}}