{"id":34672,"date":"2025-02-25T16:23:52","date_gmt":"2025-02-25T19:23:52","guid":{"rendered":"https:\/\/radiostudiow.com.br\/site\/?p=34672"},"modified":"2025-02-25T16:23:52","modified_gmt":"2025-02-25T19:23:52","slug":"acidente-entre-carro-e-moto-deixa-motociclista-ferida-em-porto-uniao","status":"publish","type":"post","link":"https:\/\/radiostudiow.com.br\/site\/2025\/02\/25\/acidente-entre-carro-e-moto-deixa-motociclista-ferida-em-porto-uniao\/","title":{"rendered":"Acidente entre carro e moto deixa motociclista ferida em Porto Uni\u00e3o"},"content":{"rendered":"\n<p>O Corpo de Bombeiros de Porto Uni\u00e3o foi acionado para deslocar no bairro Santa Rosa para atender a um acidente entre carro e moto por volta das 10h35min desta ter\u00e7a-feira (25).<\/p>\n\n\n\n<p>A colis\u00e3o foi no cruzamento das Ruas Alfredo Metzler com a Francisco de Paula Dias, envolvendo um ve\u00edculo Fiat Palio com placas de Mafra e uma moto Honda Biz com placa de Porto Uni\u00e3o.<\/p>\n\n\n\n<figure class=\"wp-block-image size-full\"><img loading=\"lazy\" decoding=\"async\" width=\"300\" height=\"180\" src=\"https:\/\/radiostudiow.com.br\/site\/wp-content\/uploads\/2025\/01\/SITE-PEQUENO2.png\" alt=\"\" class=\"wp-image-32894\"\/><\/figure>\n\n\n\n<p>A condutora da Honda Biz estava consciente e orientada, sofrendo escoria\u00e7\u00f5es pelo corpo e teve seu tornozelo direito imobilizado por uma suspeita de fratura e ap\u00f3s os procedimentos padr\u00f5es de imobiliza\u00e7\u00e3o, a v\u00edtima foi conduzida ao Hospital S\u00e3o Braz para atendimento m\u00e9dico.<\/p>\n\n\n\n<p>A Pol\u00edcia Militar foi solicitada para deslocar ao local e registrar o boletim\u00a0de\u00a0ocorr\u00eancia.<\/p>\n\n\n\n<p><strong><em>Informa\u00e7\u00f5es: Tiago Amaral<\/em><\/strong><\/p>\n\n\n\n<figure class=\"wp-block-image size-full\"><img loading=\"lazy\" decoding=\"async\" width=\"660\" height=\"431\" src=\"https:\/\/radiostudiow.com.br\/site\/wp-content\/uploads\/2025\/02\/image-106.png\" alt=\"\" class=\"wp-image-34674\" srcset=\"https:\/\/radiostudiow.com.br\/site\/wp-content\/uploads\/2025\/02\/image-106.png 660w, https:\/\/radiostudiow.com.br\/site\/wp-content\/uploads\/2025\/02\/image-106-300x196.png 300w\" sizes=\"auto, (max-width: 660px) 100vw, 660px\" \/><figcaption class=\"wp-element-caption\">Foto: Tiago Amaral<\/figcaption><\/figure>\n","protected":false},"excerpt":{"rendered":"<p>O Corpo de Bombeiros de Porto Uni\u00e3o foi acionado para deslocar no bairro Santa Rosa para atender a um acidente entre carro e moto por volta das 10h35min desta ter\u00e7a-feira (25). A colis\u00e3o foi no cruzamento das Ruas Alfredo Metzler com a Francisco de Paula Dias, envolvendo um ve\u00edculo Fiat Palio com placas de Mafra [&hellip;]<\/p>\n","protected":false},"author":2,"featured_media":34673,"comment_status":"open","ping_status":"open","sticky":false,"template":"","format":"standard","meta":{"footnotes":""},"categories":[185],"tags":[172],"class_list":["post-34672","post","type-post","status-publish","format-standard","has-post-thumbnail","hentry","category-regional","tag-featured"],"amp_enabled":true,"_links":{"self":[{"href":"https:\/\/radiostudiow.com.br\/site\/wp-json\/wp\/v2\/posts\/34672","targetHints":{"allow":["GET"]}}],"collection":[{"href":"https:\/\/radiostudiow.com.br\/site\/wp-json\/wp\/v2\/posts"}],"about":[{"href":"https:\/\/radiostudiow.com.br\/site\/wp-json\/wp\/v2\/types\/post"}],"author":[{"embeddable":true,"href":"https:\/\/radiostudiow.com.br\/site\/wp-json\/wp\/v2\/users\/2"}],"replies":[{"embeddable":true,"href":"https:\/\/radiostudiow.com.br\/site\/wp-json\/wp\/v2\/comments?post=34672"}],"version-history":[{"count":1,"href":"https:\/\/radiostudiow.com.br\/site\/wp-json\/wp\/v2\/posts\/34672\/revisions"}],"predecessor-version":[{"id":34675,"href":"https:\/\/radiostudiow.com.br\/site\/wp-json\/wp\/v2\/posts\/34672\/revisions\/34675"}],"wp:featuredmedia":[{"embeddable":true,"href":"https:\/\/radiostudiow.com.br\/site\/wp-json\/wp\/v2\/media\/34673"}],"wp:attachment":[{"href":"https:\/\/radiostudiow.com.br\/site\/wp-json\/wp\/v2\/media?parent=34672"}],"wp:term":[{"taxonomy":"category","embeddable":true,"href":"https:\/\/radiostudiow.com.br\/site\/wp-json\/wp\/v2\/categories?post=34672"},{"taxonomy":"post_tag","embeddable":true,"href":"https:\/\/radiostudiow.com.br\/site\/wp-json\/wp\/v2\/tags?post=34672"}],"curies":[{"name":"wp","href":"https:\/\/api.w.org\/{rel}","templated":true}]}}