{"id":34736,"date":"2025-02-27T09:20:13","date_gmt":"2025-02-27T12:20:13","guid":{"rendered":"https:\/\/radiostudiow.com.br\/site\/?p=34736"},"modified":"2025-02-27T09:30:33","modified_gmt":"2025-02-27T12:30:33","slug":"capotamento-deixa-dois-feridos-na-br-476-em-sao-mateus-do-sul","status":"publish","type":"post","link":"https:\/\/radiostudiow.com.br\/site\/2025\/02\/27\/capotamento-deixa-dois-feridos-na-br-476-em-sao-mateus-do-sul\/","title":{"rendered":"Capotamento deixa dois feridos na BR-476 em S\u00e3o Mateus do Sul"},"content":{"rendered":"\n<figure class=\"wp-block-image size-full\"><img loading=\"lazy\" decoding=\"async\" width=\"598\" height=\"204\" src=\"https:\/\/radiostudiow.com.br\/site\/wp-content\/uploads\/2025\/01\/SITE-MEDIO3.png\" alt=\"\" class=\"wp-image-32815\" srcset=\"https:\/\/radiostudiow.com.br\/site\/wp-content\/uploads\/2025\/01\/SITE-MEDIO3.png 598w, https:\/\/radiostudiow.com.br\/site\/wp-content\/uploads\/2025\/01\/SITE-MEDIO3-300x102.png 300w\" sizes=\"auto, (max-width: 598px) 100vw, 598px\" \/><\/figure>\n\n\n\n<p>Equipes do SAMU e do Corpo de Bombeiros de S\u00e3o Mateus do Sul foram acionadas para atender um acidente no km 268 da Rodovia do Xisto (BR-476), regi\u00e3o do Santana, sentido Curitiba na noite desta quarta-feira (26).<\/p>\n\n\n\n<p>No local, constatou-se que uma caminhonete Nissan Frontier, com placas de Colombo, capotou em uma curva. O ve\u00edculo era ocupado por tr\u00eas pessoas. O condutor saiu ileso e recusou atendimento, <a><\/a>enquanto um casal de idosos sofreu ferimentos e foi encaminhado ao Pronto-Socorro Municipal.<\/p>\n\n\n\n<p>De acordo com informa\u00e7\u00f5es preliminares, o motorista teria perdido o controle da dire\u00e7\u00e3o ao tentar desviar de um caminh\u00e3o que seguia no sentido contr\u00e1rio, resultando na sa\u00edda de pista e no capotamento do ve\u00edculo.<\/p>\n\n\n\n<figure class=\"wp-block-image size-full\"><img loading=\"lazy\" decoding=\"async\" width=\"897\" height=\"204\" src=\"https:\/\/radiostudiow.com.br\/site\/wp-content\/uploads\/2025\/01\/SITE-GRANDE4.png\" alt=\"\" class=\"wp-image-32888\" srcset=\"https:\/\/radiostudiow.com.br\/site\/wp-content\/uploads\/2025\/01\/SITE-GRANDE4.png 897w, https:\/\/radiostudiow.com.br\/site\/wp-content\/uploads\/2025\/01\/SITE-GRANDE4-300x68.png 300w, https:\/\/radiostudiow.com.br\/site\/wp-content\/uploads\/2025\/01\/SITE-GRANDE4-768x175.png 768w\" sizes=\"auto, (max-width: 897px) 100vw, 897px\" \/><\/figure>\n\n\n\n<p>Uma motocicleta que estava na ca\u00e7amba da caminhonete caiu fora<\/p>\n\n\n\n<p class=\"has-undefined-color has-text-color has-link-color wp-elements-9bf733d3da7cb2be83884a6d89d3e1a3\">Enquanto o resgate era realizado, outra equipe do SAMU de S\u00e3o Mateus do Sul foi deslocada para o km 299, onde um <strong>segundo acidente<\/strong> estava sendo atendido na entrada da Barra do Potinga, onde <strong><a href=\"https:\/\/radiostudiow.com.br\/site\/2025\/02\/27\/tres-motos-e-um-veiculo-se-envolvem-em-grave-acidente-apos-colidirem-com-barra-de-ferro-na-pista-da-br-476-em-sao-mateus-do-sul\/\" data-type=\"link\" data-id=\"https:\/\/radiostudiow.com.br\/site\/2025\/02\/27\/tres-motos-e-um-veiculo-se-envolvem-em-grave-acidente-apos-colidirem-com-barra-de-ferro-na-pista-da-br-476-em-sao-mateus-do-sul\/\">Tr\u00eas motos e um ve\u00edculo se envolvem em grave acidente ap\u00f3s colidirem com barra de ferro na pista da BR-476 em S\u00e3o Mateus do Sul<\/a>,<\/strong> o qual voc\u00ea acompanha no <strong>link abaixo<\/strong>.<\/p>\n\n\n\n<figure class=\"wp-block-embed is-type-wp-embed is-provider-studio-w wp-block-embed-studio-w\"><div class=\"wp-block-embed__wrapper\">\n<blockquote class=\"wp-embedded-content\" data-secret=\"qyIwhy8sT1\"><a href=\"https:\/\/radiostudiow.com.br\/site\/2025\/02\/27\/tres-motos-e-um-veiculo-se-envolvem-em-grave-acidente-apos-colidirem-com-barra-de-ferro-na-pista-da-br-476-em-sao-mateus-do-sul\/\">Tr\u00eas motos e um ve\u00edculo se envolvem em grave acidente ap\u00f3s colidirem com barra de ferro na pista da BR-476 em S\u00e3o Mateus do Sul<\/a><\/blockquote><iframe loading=\"lazy\" class=\"wp-embedded-content\" sandbox=\"allow-scripts\" security=\"restricted\" style=\"position: absolute; visibility: hidden;\" title=\"&#8220;Tr\u00eas motos e um ve\u00edculo se envolvem em grave acidente ap\u00f3s colidirem com barra de ferro na pista da BR-476 em S\u00e3o Mateus do Sul&#8221; &#8212; Studio W\" src=\"https:\/\/radiostudiow.com.br\/site\/2025\/02\/27\/tres-motos-e-um-veiculo-se-envolvem-em-grave-acidente-apos-colidirem-com-barra-de-ferro-na-pista-da-br-476-em-sao-mateus-do-sul\/embed\/#?secret=n7oLOeEtph#?secret=qyIwhy8sT1\" data-secret=\"qyIwhy8sT1\" width=\"600\" height=\"338\" frameborder=\"0\" marginwidth=\"0\" marginheight=\"0\" scrolling=\"no\"><\/iframe>\n<\/div><\/figure>\n\n\n\n<p><em><strong>Portal Clic Sul News<\/strong><\/em><\/p>\n\n\n\n<figure class=\"wp-block-image size-large\"><img loading=\"lazy\" decoding=\"async\" width=\"1024\" height=\"1024\" src=\"https:\/\/radiostudiow.com.br\/site\/wp-content\/uploads\/2025\/02\/image-118-1024x1024.png\" alt=\"\" class=\"wp-image-34738\" srcset=\"https:\/\/radiostudiow.com.br\/site\/wp-content\/uploads\/2025\/02\/image-118-1024x1024.png 1024w, https:\/\/radiostudiow.com.br\/site\/wp-content\/uploads\/2025\/02\/image-118-300x300.png 300w, https:\/\/radiostudiow.com.br\/site\/wp-content\/uploads\/2025\/02\/image-118-768x768.png 768w, https:\/\/radiostudiow.com.br\/site\/wp-content\/uploads\/2025\/02\/image-118-80x80.png 80w, https:\/\/radiostudiow.com.br\/site\/wp-content\/uploads\/2025\/02\/image-118.png 1043w\" sizes=\"auto, (max-width: 1024px) 100vw, 1024px\" \/><\/figure>\n","protected":false},"excerpt":{"rendered":"<p>Equipes do SAMU e do Corpo de Bombeiros de S\u00e3o Mateus do Sul foram acionadas para atender um acidente no km 268 da Rodovia do Xisto (BR-476), regi\u00e3o do Santana, sentido Curitiba na noite desta quarta-feira (26). No local, constatou-se que uma caminhonete Nissan Frontier, com placas de Colombo, capotou em uma curva. O ve\u00edculo [&hellip;]<\/p>\n","protected":false},"author":2,"featured_media":34737,"comment_status":"open","ping_status":"open","sticky":false,"template":"","format":"standard","meta":{"footnotes":""},"categories":[185],"tags":[172],"class_list":["post-34736","post","type-post","status-publish","format-standard","has-post-thumbnail","hentry","category-regional","tag-featured"],"amp_enabled":true,"_links":{"self":[{"href":"https:\/\/radiostudiow.com.br\/site\/wp-json\/wp\/v2\/posts\/34736","targetHints":{"allow":["GET"]}}],"collection":[{"href":"https:\/\/radiostudiow.com.br\/site\/wp-json\/wp\/v2\/posts"}],"about":[{"href":"https:\/\/radiostudiow.com.br\/site\/wp-json\/wp\/v2\/types\/post"}],"author":[{"embeddable":true,"href":"https:\/\/radiostudiow.com.br\/site\/wp-json\/wp\/v2\/users\/2"}],"replies":[{"embeddable":true,"href":"https:\/\/radiostudiow.com.br\/site\/wp-json\/wp\/v2\/comments?post=34736"}],"version-history":[{"count":3,"href":"https:\/\/radiostudiow.com.br\/site\/wp-json\/wp\/v2\/posts\/34736\/revisions"}],"predecessor-version":[{"id":34749,"href":"https:\/\/radiostudiow.com.br\/site\/wp-json\/wp\/v2\/posts\/34736\/revisions\/34749"}],"wp:featuredmedia":[{"embeddable":true,"href":"https:\/\/radiostudiow.com.br\/site\/wp-json\/wp\/v2\/media\/34737"}],"wp:attachment":[{"href":"https:\/\/radiostudiow.com.br\/site\/wp-json\/wp\/v2\/media?parent=34736"}],"wp:term":[{"taxonomy":"category","embeddable":true,"href":"https:\/\/radiostudiow.com.br\/site\/wp-json\/wp\/v2\/categories?post=34736"},{"taxonomy":"post_tag","embeddable":true,"href":"https:\/\/radiostudiow.com.br\/site\/wp-json\/wp\/v2\/tags?post=34736"}],"curies":[{"name":"wp","href":"https:\/\/api.w.org\/{rel}","templated":true}]}}