{"id":34740,"date":"2025-02-27T09:26:25","date_gmt":"2025-02-27T12:26:25","guid":{"rendered":"https:\/\/radiostudiow.com.br\/site\/?p=34740"},"modified":"2025-02-27T09:26:25","modified_gmt":"2025-02-27T12:26:25","slug":"tres-motos-e-um-veiculo-se-envolvem-em-grave-acidente-apos-colidirem-com-barra-de-ferro-na-pista-da-br-476-em-sao-mateus-do-sul","status":"publish","type":"post","link":"https:\/\/radiostudiow.com.br\/site\/2025\/02\/27\/tres-motos-e-um-veiculo-se-envolvem-em-grave-acidente-apos-colidirem-com-barra-de-ferro-na-pista-da-br-476-em-sao-mateus-do-sul\/","title":{"rendered":"Tr\u00eas motos e um ve\u00edculo se envolvem em grave acidente ap\u00f3s colidirem com barra de ferro na pista da BR-476 em S\u00e3o Mateus do Sul"},"content":{"rendered":"\n<figure class=\"wp-block-image size-full\"><img loading=\"lazy\" decoding=\"async\" width=\"598\" height=\"204\" src=\"https:\/\/radiostudiow.com.br\/site\/wp-content\/uploads\/2025\/01\/SITE-MEDIO7.png\" alt=\"\" class=\"wp-image-32801\" srcset=\"https:\/\/radiostudiow.com.br\/site\/wp-content\/uploads\/2025\/01\/SITE-MEDIO7.png 598w, https:\/\/radiostudiow.com.br\/site\/wp-content\/uploads\/2025\/01\/SITE-MEDIO7-300x102.png 300w\" sizes=\"auto, (max-width: 598px) 100vw, 598px\" \/><\/figure>\n\n\n\n<p>A equipe Alfa do SAMU de S\u00e3o Mateus do Sul foi acionada para atender a um grave acidente no km 299 da BR-476, pr\u00f3ximo \u00e0 entrada da Barra do Potinga na noite desta quarta-feira (26).<\/p>\n\n\n\n<p>A colis\u00e3o envolveu tr\u00eas motocicletas (modelo lambretas) e um ve\u00edculo que colidiram com uma barra de ferro de aproximadamente 100 quilos, possivelmente ca\u00edda de um caminh\u00e3o.<\/p>\n\n\n\n<p>De acordo com informa\u00e7\u00f5es preliminares, os motociclistas n\u00e3o conseguiram desviar do objeto e acabaram sofrendo as quedas e ferimentos, sendo que um deles foi encaminhado em estado grave para o pronto-socorro do Hospital Regional em Uni\u00e3o da Vit\u00f3ria e outra v\u00edtima encaminhada para o pronto atendimento de S\u00e3o Mateus do Sul.<\/p>\n\n\n\n<p>O ve\u00edculo que vinha logo atr\u00e1s tamb\u00e9m n\u00e3o conseguiu evitar o impacto e colidiu com a barra met\u00e1lica.<\/p>\n\n\n\n<figure class=\"wp-block-image size-full\"><img loading=\"lazy\" decoding=\"async\" width=\"598\" height=\"204\" src=\"https:\/\/radiostudiow.com.br\/site\/wp-content\/uploads\/2025\/01\/SITE-MEDIO.png\" alt=\"\" class=\"wp-image-32810\" srcset=\"https:\/\/radiostudiow.com.br\/site\/wp-content\/uploads\/2025\/01\/SITE-MEDIO.png 598w, https:\/\/radiostudiow.com.br\/site\/wp-content\/uploads\/2025\/01\/SITE-MEDIO-300x102.png 300w\" sizes=\"auto, (max-width: 598px) 100vw, 598px\" \/><\/figure>\n\n\n\n<p>Coincidentemente, uma equipe do Batalh\u00e3o de Patrulha Escolar Comunit\u00e1ria (BPEC) de S\u00e3o Mateus do Sul passava pelo local e, junto a um m\u00e9dico e um Socorrista do SAMU, foram prestados os primeiros atendimentos at\u00e9 a chegada da ambul\u00e2ncia.<\/p>\n\n\n\n<p>Moradores pr\u00f3ximos tamb\u00e9m correram para auxiliar no socorro \u00e0s v\u00edtimas.<\/p>\n\n\n\n<p>A Pol\u00edcia Rodovi\u00e1ria Federal (PRF) foi acionada e se deslocou para atender a ocorr\u00eancia. \u00c0s 20h35, os atendimentos ainda estavam em andamento.<\/p>\n\n\n\n<p><strong><em>Fonte Portal Clic Sul News<\/em><\/strong><\/p>\n\n\n\n<figure class=\"wp-block-image size-large\"><img loading=\"lazy\" decoding=\"async\" width=\"1014\" height=\"1024\" src=\"https:\/\/radiostudiow.com.br\/site\/wp-content\/uploads\/2025\/02\/image-119-1014x1024.png\" alt=\"\" class=\"wp-image-34741\" srcset=\"https:\/\/radiostudiow.com.br\/site\/wp-content\/uploads\/2025\/02\/image-119-1014x1024.png 1014w, https:\/\/radiostudiow.com.br\/site\/wp-content\/uploads\/2025\/02\/image-119-297x300.png 297w, https:\/\/radiostudiow.com.br\/site\/wp-content\/uploads\/2025\/02\/image-119-768x775.png 768w, https:\/\/radiostudiow.com.br\/site\/wp-content\/uploads\/2025\/02\/image-119-80x80.png 80w, https:\/\/radiostudiow.com.br\/site\/wp-content\/uploads\/2025\/02\/image-119.png 1053w\" sizes=\"auto, (max-width: 1014px) 100vw, 1014px\" \/><\/figure>\n\n\n\n<figure class=\"wp-block-image size-large\"><img decoding=\"async\" src=\"https:\/\/radiostudiow.com.br\/site\/wp-content\/uploads\/2025\/02\/image-120-1014x1024.png\" alt=\"\" class=\"wp-image-34742\"\/><\/figure>\n\n\n\n<figure class=\"wp-block-image size-large\"><img decoding=\"async\" src=\"https:\/\/radiostudiow.com.br\/site\/wp-content\/uploads\/2025\/02\/image-121-1014x1024.png\" alt=\"\" class=\"wp-image-34743\"\/><\/figure>\n","protected":false},"excerpt":{"rendered":"<p>A equipe Alfa do SAMU de S\u00e3o Mateus do Sul foi acionada para atender a um grave acidente no km 299 da BR-476, pr\u00f3ximo \u00e0 entrada da Barra do Potinga na noite desta quarta-feira (26). A colis\u00e3o envolveu tr\u00eas motocicletas (modelo lambretas) e um ve\u00edculo que colidiram com uma barra de ferro de aproximadamente 100 [&hellip;]<\/p>\n","protected":false},"author":2,"featured_media":34744,"comment_status":"open","ping_status":"open","sticky":false,"template":"","format":"standard","meta":{"footnotes":""},"categories":[185],"tags":[172],"class_list":["post-34740","post","type-post","status-publish","format-standard","has-post-thumbnail","hentry","category-regional","tag-featured"],"amp_enabled":true,"_links":{"self":[{"href":"https:\/\/radiostudiow.com.br\/site\/wp-json\/wp\/v2\/posts\/34740","targetHints":{"allow":["GET"]}}],"collection":[{"href":"https:\/\/radiostudiow.com.br\/site\/wp-json\/wp\/v2\/posts"}],"about":[{"href":"https:\/\/radiostudiow.com.br\/site\/wp-json\/wp\/v2\/types\/post"}],"author":[{"embeddable":true,"href":"https:\/\/radiostudiow.com.br\/site\/wp-json\/wp\/v2\/users\/2"}],"replies":[{"embeddable":true,"href":"https:\/\/radiostudiow.com.br\/site\/wp-json\/wp\/v2\/comments?post=34740"}],"version-history":[{"count":1,"href":"https:\/\/radiostudiow.com.br\/site\/wp-json\/wp\/v2\/posts\/34740\/revisions"}],"predecessor-version":[{"id":34745,"href":"https:\/\/radiostudiow.com.br\/site\/wp-json\/wp\/v2\/posts\/34740\/revisions\/34745"}],"wp:featuredmedia":[{"embeddable":true,"href":"https:\/\/radiostudiow.com.br\/site\/wp-json\/wp\/v2\/media\/34744"}],"wp:attachment":[{"href":"https:\/\/radiostudiow.com.br\/site\/wp-json\/wp\/v2\/media?parent=34740"}],"wp:term":[{"taxonomy":"category","embeddable":true,"href":"https:\/\/radiostudiow.com.br\/site\/wp-json\/wp\/v2\/categories?post=34740"},{"taxonomy":"post_tag","embeddable":true,"href":"https:\/\/radiostudiow.com.br\/site\/wp-json\/wp\/v2\/tags?post=34740"}],"curies":[{"name":"wp","href":"https:\/\/api.w.org\/{rel}","templated":true}]}}