{"id":34750,"date":"2025-02-27T09:50:02","date_gmt":"2025-02-27T12:50:02","guid":{"rendered":"https:\/\/radiostudiow.com.br\/site\/?p=34750"},"modified":"2025-02-27T10:09:21","modified_gmt":"2025-02-27T13:09:21","slug":"prf-localiza-151-kg-de-maconha-em-carro-abordado-em-irati","status":"publish","type":"post","link":"https:\/\/radiostudiow.com.br\/site\/2025\/02\/27\/prf-localiza-151-kg-de-maconha-em-carro-abordado-em-irati\/","title":{"rendered":"PRF localiza 151 kg de maconha em carro abordado em Irati"},"content":{"rendered":"\n<p>Na manh\u00e3 desta quarta-feira, 26 de fevereiro, a equipe da Pol\u00edcia Rodovi\u00e1ria Federal apreendeu aproximadamente 151 quilos de maconha na BR-153, em Irati.<\/p>\n\n\n\n<p>As drogas foram localizadas em um ve\u00edculo Virtus, de Joinville\/SC, o qual foi abordado por volta das 07 horas. O motorista, de 27 anos, foi preso e encaminhado para a Delegacia de Irati.<\/p>\n\n\n\n<figure class=\"wp-block-image size-full\"><img decoding=\"async\" src=\"https:\/\/radiostudiow.com.br\/site\/wp-content\/uploads\/2025\/02\/SITE-E-TV.png\" alt=\"\" class=\"wp-image-33896\"\/><\/figure>\n\n\n\n<p><em><strong>Fonte: R\u00e1dio Naju\u00e1<\/strong><\/em><\/p>\n","protected":false},"excerpt":{"rendered":"<p>Na manh\u00e3 desta quarta-feira, 26 de fevereiro, a equipe da Pol\u00edcia Rodovi\u00e1ria Federal apreendeu aproximadamente 151 quilos de maconha na BR-153, em Irati. As drogas foram localizadas em um ve\u00edculo Virtus, de Joinville\/SC, o qual foi abordado por volta das 07 horas. O motorista, de 27 anos, foi preso e encaminhado para a Delegacia de [&hellip;]<\/p>\n","protected":false},"author":2,"featured_media":34752,"comment_status":"open","ping_status":"open","sticky":false,"template":"","format":"standard","meta":{"footnotes":""},"categories":[2],"tags":[172],"class_list":["post-34750","post","type-post","status-publish","format-standard","has-post-thumbnail","hentry","category-policial","tag-featured"],"amp_enabled":true,"_links":{"self":[{"href":"https:\/\/radiostudiow.com.br\/site\/wp-json\/wp\/v2\/posts\/34750","targetHints":{"allow":["GET"]}}],"collection":[{"href":"https:\/\/radiostudiow.com.br\/site\/wp-json\/wp\/v2\/posts"}],"about":[{"href":"https:\/\/radiostudiow.com.br\/site\/wp-json\/wp\/v2\/types\/post"}],"author":[{"embeddable":true,"href":"https:\/\/radiostudiow.com.br\/site\/wp-json\/wp\/v2\/users\/2"}],"replies":[{"embeddable":true,"href":"https:\/\/radiostudiow.com.br\/site\/wp-json\/wp\/v2\/comments?post=34750"}],"version-history":[{"count":2,"href":"https:\/\/radiostudiow.com.br\/site\/wp-json\/wp\/v2\/posts\/34750\/revisions"}],"predecessor-version":[{"id":34762,"href":"https:\/\/radiostudiow.com.br\/site\/wp-json\/wp\/v2\/posts\/34750\/revisions\/34762"}],"wp:featuredmedia":[{"embeddable":true,"href":"https:\/\/radiostudiow.com.br\/site\/wp-json\/wp\/v2\/media\/34752"}],"wp:attachment":[{"href":"https:\/\/radiostudiow.com.br\/site\/wp-json\/wp\/v2\/media?parent=34750"}],"wp:term":[{"taxonomy":"category","embeddable":true,"href":"https:\/\/radiostudiow.com.br\/site\/wp-json\/wp\/v2\/categories?post=34750"},{"taxonomy":"post_tag","embeddable":true,"href":"https:\/\/radiostudiow.com.br\/site\/wp-json\/wp\/v2\/tags?post=34750"}],"curies":[{"name":"wp","href":"https:\/\/api.w.org\/{rel}","templated":true}]}}