{"id":34751,"date":"2025-02-27T09:50:55","date_gmt":"2025-02-27T12:50:55","guid":{"rendered":"https:\/\/radiostudiow.com.br\/site\/?p=34751"},"modified":"2025-02-27T09:59:25","modified_gmt":"2025-02-27T12:59:25","slug":"homem-com-mandado-de-prisao-em-aberto-e-preso-em-paulo-frontin","status":"publish","type":"post","link":"https:\/\/radiostudiow.com.br\/site\/2025\/02\/27\/homem-com-mandado-de-prisao-em-aberto-e-preso-em-paulo-frontin\/","title":{"rendered":"Homem com mandado de pris\u00e3o em aberto \u00e9 preso em Paulo Frontin"},"content":{"rendered":"\n<p><\/p>\n\n\n\n<p style=\"font-size:21px\">Durante patrulhamento na noite desta quarta-feira (26), por volta das 21h20, a equipe policial realizou a pris\u00e3o de um homem com mandado de pris\u00e3o em aberto no bairro S\u00e3o Francisco na cidade de Paulo Frontin.<\/p>\n\n\n\n<figure class=\"wp-block-image size-large\"><img decoding=\"async\" src=\"https:\/\/radiostudiow.com.br\/site\/wp-content\/uploads\/2025\/01\/anigif_medio_ok-1024x213.gif\" alt=\"\" class=\"wp-image-32977\"\/><\/figure>\n\n\n\n<p><\/p>\n\n\n\n<p style=\"font-size:21px\">Os policiais avistaram o indiv\u00edduo em frente a uma resid\u00eancia e, ao verificarem seus antecedentes, constataram que havia um mandado de pris\u00e3o contra ele pelo artigo 528 do C\u00f3digo de Processo Civil, referente \u00e0 d\u00edvida de pens\u00e3o aliment\u00edcia.<\/p>\n\n\n\n<p style=\"font-size:21px\">O homem foi detido no local e encaminhado ao Departamento de Pol\u00edcia Penal (DEPEN) de Uni\u00e3o da Vit\u00f3ria para as provid\u00eancias cab\u00edveis.<\/p>\n\n\n\n<figure class=\"wp-block-image size-full\"><img decoding=\"async\" src=\"https:\/\/radiostudiow.com.br\/site\/wp-content\/uploads\/2025\/02\/SITE-E-TV.png\" alt=\"\" class=\"wp-image-33896\"\/><\/figure>\n","protected":false},"excerpt":{"rendered":"<p>Durante patrulhamento na noite desta quarta-feira (26), por volta das 21h20, a equipe policial realizou a pris\u00e3o de um homem com mandado de pris\u00e3o em aberto no bairro S\u00e3o Francisco na cidade de Paulo Frontin. Os policiais avistaram o indiv\u00edduo em frente a uma resid\u00eancia e, ao verificarem seus antecedentes, constataram que havia um mandado [&hellip;]<\/p>\n","protected":false},"author":2,"featured_media":34756,"comment_status":"open","ping_status":"open","sticky":false,"template":"","format":"standard","meta":{"footnotes":""},"categories":[2],"tags":[172],"class_list":["post-34751","post","type-post","status-publish","format-standard","has-post-thumbnail","hentry","category-policial","tag-featured"],"amp_enabled":true,"_links":{"self":[{"href":"https:\/\/radiostudiow.com.br\/site\/wp-json\/wp\/v2\/posts\/34751","targetHints":{"allow":["GET"]}}],"collection":[{"href":"https:\/\/radiostudiow.com.br\/site\/wp-json\/wp\/v2\/posts"}],"about":[{"href":"https:\/\/radiostudiow.com.br\/site\/wp-json\/wp\/v2\/types\/post"}],"author":[{"embeddable":true,"href":"https:\/\/radiostudiow.com.br\/site\/wp-json\/wp\/v2\/users\/2"}],"replies":[{"embeddable":true,"href":"https:\/\/radiostudiow.com.br\/site\/wp-json\/wp\/v2\/comments?post=34751"}],"version-history":[{"count":2,"href":"https:\/\/radiostudiow.com.br\/site\/wp-json\/wp\/v2\/posts\/34751\/revisions"}],"predecessor-version":[{"id":34759,"href":"https:\/\/radiostudiow.com.br\/site\/wp-json\/wp\/v2\/posts\/34751\/revisions\/34759"}],"wp:featuredmedia":[{"embeddable":true,"href":"https:\/\/radiostudiow.com.br\/site\/wp-json\/wp\/v2\/media\/34756"}],"wp:attachment":[{"href":"https:\/\/radiostudiow.com.br\/site\/wp-json\/wp\/v2\/media?parent=34751"}],"wp:term":[{"taxonomy":"category","embeddable":true,"href":"https:\/\/radiostudiow.com.br\/site\/wp-json\/wp\/v2\/categories?post=34751"},{"taxonomy":"post_tag","embeddable":true,"href":"https:\/\/radiostudiow.com.br\/site\/wp-json\/wp\/v2\/tags?post=34751"}],"curies":[{"name":"wp","href":"https:\/\/api.w.org\/{rel}","templated":true}]}}