{"id":34755,"date":"2025-02-27T10:08:30","date_gmt":"2025-02-27T13:08:30","guid":{"rendered":"https:\/\/radiostudiow.com.br\/site\/?p=34755"},"modified":"2025-02-27T11:24:50","modified_gmt":"2025-02-27T14:24:50","slug":"veiculo-com-alerta-de-furtado-e-recuperado-pela-policia-militar-de-reboucas","status":"publish","type":"post","link":"https:\/\/radiostudiow.com.br\/site\/2025\/02\/27\/veiculo-com-alerta-de-furtado-e-recuperado-pela-policia-militar-de-reboucas\/","title":{"rendered":"Ve\u00edculo com alerta de furtado \u00e9 recuperado pela Pol\u00edcia Militar de Rebou\u00e7as"},"content":{"rendered":"\n<p style=\"font-size:21px\">A equipe da Pol\u00edcia Militar de Rebou\u00e7as localizou um ve\u00edculo Classic, com placas de Paranagu\u00e1, que apresentava alerta de furto\/roubo nessa quarta-feira (26).<\/p>\n\n\n\n<p style=\"font-size:21px\">O carro estava estacionado em frente de uma resid\u00eancia no bairro Santo Ant\u00f4nio em Rebou\u00e7as, e o respons\u00e1vel pelo ve\u00edculo disse que comprou o carro h\u00e1 cerca de um m\u00eas de uma pessoa que mora no interior de Irati.<\/p>\n\n\n\n<p style=\"font-size:21px\">O ve\u00edculo foi apreendido pelos policiais e o respons\u00e1vel foi conduzido para a Delegacia de Irati para as devidas provid\u00eancias<\/p>\n\n\n\n<figure class=\"wp-block-image size-full\"><img loading=\"lazy\" decoding=\"async\" width=\"897\" height=\"204\" src=\"https:\/\/radiostudiow.com.br\/site\/wp-content\/uploads\/2025\/01\/SITE-GRANDE5.png\" alt=\"\" class=\"wp-image-32814\" srcset=\"https:\/\/radiostudiow.com.br\/site\/wp-content\/uploads\/2025\/01\/SITE-GRANDE5.png 897w, https:\/\/radiostudiow.com.br\/site\/wp-content\/uploads\/2025\/01\/SITE-GRANDE5-300x68.png 300w, https:\/\/radiostudiow.com.br\/site\/wp-content\/uploads\/2025\/01\/SITE-GRANDE5-768x175.png 768w\" sizes=\"auto, (max-width: 897px) 100vw, 897px\" \/><\/figure>\n","protected":false},"excerpt":{"rendered":"<p>A equipe da Pol\u00edcia Militar de Rebou\u00e7as localizou um ve\u00edculo Classic, com placas de Paranagu\u00e1, que apresentava alerta de furto\/roubo nessa quarta-feira (26). O carro estava estacionado em frente de uma resid\u00eancia no bairro Santo Ant\u00f4nio em Rebou\u00e7as, e o respons\u00e1vel pelo ve\u00edculo disse que comprou o carro h\u00e1 cerca de um m\u00eas de uma [&hellip;]<\/p>\n","protected":false},"author":2,"featured_media":34758,"comment_status":"open","ping_status":"open","sticky":false,"template":"","format":"standard","meta":{"footnotes":""},"categories":[2],"tags":[172],"class_list":["post-34755","post","type-post","status-publish","format-standard","has-post-thumbnail","hentry","category-policial","tag-featured"],"amp_enabled":true,"_links":{"self":[{"href":"https:\/\/radiostudiow.com.br\/site\/wp-json\/wp\/v2\/posts\/34755","targetHints":{"allow":["GET"]}}],"collection":[{"href":"https:\/\/radiostudiow.com.br\/site\/wp-json\/wp\/v2\/posts"}],"about":[{"href":"https:\/\/radiostudiow.com.br\/site\/wp-json\/wp\/v2\/types\/post"}],"author":[{"embeddable":true,"href":"https:\/\/radiostudiow.com.br\/site\/wp-json\/wp\/v2\/users\/2"}],"replies":[{"embeddable":true,"href":"https:\/\/radiostudiow.com.br\/site\/wp-json\/wp\/v2\/comments?post=34755"}],"version-history":[{"count":2,"href":"https:\/\/radiostudiow.com.br\/site\/wp-json\/wp\/v2\/posts\/34755\/revisions"}],"predecessor-version":[{"id":34787,"href":"https:\/\/radiostudiow.com.br\/site\/wp-json\/wp\/v2\/posts\/34755\/revisions\/34787"}],"wp:featuredmedia":[{"embeddable":true,"href":"https:\/\/radiostudiow.com.br\/site\/wp-json\/wp\/v2\/media\/34758"}],"wp:attachment":[{"href":"https:\/\/radiostudiow.com.br\/site\/wp-json\/wp\/v2\/media?parent=34755"}],"wp:term":[{"taxonomy":"category","embeddable":true,"href":"https:\/\/radiostudiow.com.br\/site\/wp-json\/wp\/v2\/categories?post=34755"},{"taxonomy":"post_tag","embeddable":true,"href":"https:\/\/radiostudiow.com.br\/site\/wp-json\/wp\/v2\/tags?post=34755"}],"curies":[{"name":"wp","href":"https:\/\/api.w.org\/{rel}","templated":true}]}}