{"id":34776,"date":"2025-02-27T10:45:53","date_gmt":"2025-02-27T13:45:53","guid":{"rendered":"https:\/\/radiostudiow.com.br\/site\/?p=34776"},"modified":"2025-02-27T14:11:58","modified_gmt":"2025-02-27T17:11:58","slug":"8a-cipm-atende-ocorrencia-de-maus-tratos-a-animais-em-irati","status":"publish","type":"post","link":"https:\/\/radiostudiow.com.br\/site\/2025\/02\/27\/8a-cipm-atende-ocorrencia-de-maus-tratos-a-animais-em-irati\/","title":{"rendered":"8\u00aa CIPM atende ocorr\u00eancia de maus tratos a animais em Irati"},"content":{"rendered":"\n<p style=\"font-size:21px\">A equipe da Pol\u00edcia Militar de Irati se deslocou at\u00e9 um barrac\u00e3o na \u00e1rea central fazer o cumprimento de buscas e acabou se deparando com uma situa\u00e7\u00e3o de maus tratos a animais por volta das 15h45min dessa quarta-feira (26).<\/p>\n\n\n\n<p style=\"font-size:21px\">Atendendo solicita\u00e7\u00e3o de \u00f3rg\u00e3os municipais haveria necessidade da presen\u00e7a policial para cumprimento de busca. Tal busca procedeu em um barrac\u00e3o onde havia res\u00edduos de diversos tipos de subst\u00e2ncias, sendo constatado a presen\u00e7a de animais em situa\u00e7\u00e3o de maus tratos.<\/p>\n\n\n\n<figure class=\"wp-block-image size-full\"><img loading=\"lazy\" decoding=\"async\" width=\"897\" height=\"204\" src=\"https:\/\/radiostudiow.com.br\/site\/wp-content\/uploads\/2025\/01\/SITE-GRANDE4.png\" alt=\"\" class=\"wp-image-32888\" srcset=\"https:\/\/radiostudiow.com.br\/site\/wp-content\/uploads\/2025\/01\/SITE-GRANDE4.png 897w, https:\/\/radiostudiow.com.br\/site\/wp-content\/uploads\/2025\/01\/SITE-GRANDE4-300x68.png 300w, https:\/\/radiostudiow.com.br\/site\/wp-content\/uploads\/2025\/01\/SITE-GRANDE4-768x175.png 768w\" sizes=\"auto, (max-width: 897px) 100vw, 897px\" \/><\/figure>\n\n\n\n<p style=\"font-size:21px\">Foi adentrado ao local e realizado o recolhimento dos mesmos pela Secretaria do Meio Ambiente e Defesa Animal. Ao total, foram retirados 8 c\u00e3es de pequeno porte e 1 de grande porte, havendo a necessidade do apoio da equipe do Corpo de Bombeiros, para acondicionamento dos animais.<\/p>\n\n\n\n<p style=\"font-size:21px\">Os animais ficaram sob a responsabilidade e cuidados da m\u00e9dica veterin\u00e1ria e coordenadora da Defesa Animal do munic\u00edpio. N\u00e3o havia nenhum respons\u00e1vel pelo local no momento do apoio.<\/p>\n\n\n\n<p><em><strong>Fonte: Assessoria 8\u00aa CIPM\/Jornal Folha de Irati<\/strong><\/em><\/p>\n\n\n\n<figure class=\"wp-block-image size-large\"><img loading=\"lazy\" decoding=\"async\" width=\"1024\" height=\"593\" src=\"https:\/\/radiostudiow.com.br\/site\/wp-content\/uploads\/2025\/02\/image-130-1024x593.png\" alt=\"\" class=\"wp-image-34778\" srcset=\"https:\/\/radiostudiow.com.br\/site\/wp-content\/uploads\/2025\/02\/image-130-1024x593.png 1024w, https:\/\/radiostudiow.com.br\/site\/wp-content\/uploads\/2025\/02\/image-130-300x174.png 300w, https:\/\/radiostudiow.com.br\/site\/wp-content\/uploads\/2025\/02\/image-130-768x444.png 768w, https:\/\/radiostudiow.com.br\/site\/wp-content\/uploads\/2025\/02\/image-130.png 1080w\" sizes=\"auto, (max-width: 1024px) 100vw, 1024px\" \/><figcaption class=\"wp-element-caption\"><em>Foto: 8\u00aa CIPM<br><\/em><\/figcaption><\/figure>\n\n\n\n<figure class=\"wp-block-image size-large\"><img loading=\"lazy\" decoding=\"async\" width=\"1024\" height=\"598\" src=\"https:\/\/radiostudiow.com.br\/site\/wp-content\/uploads\/2025\/02\/image-131-1024x598.png\" alt=\"\" class=\"wp-image-34779\" srcset=\"https:\/\/radiostudiow.com.br\/site\/wp-content\/uploads\/2025\/02\/image-131-1024x598.png 1024w, https:\/\/radiostudiow.com.br\/site\/wp-content\/uploads\/2025\/02\/image-131-300x175.png 300w, https:\/\/radiostudiow.com.br\/site\/wp-content\/uploads\/2025\/02\/image-131-768x449.png 768w, https:\/\/radiostudiow.com.br\/site\/wp-content\/uploads\/2025\/02\/image-131.png 1080w\" sizes=\"auto, (max-width: 1024px) 100vw, 1024px\" \/><figcaption class=\"wp-element-caption\"><em>Foto: 8\u00aa CIPM<br><\/em><\/figcaption><\/figure>\n","protected":false},"excerpt":{"rendered":"<p>A equipe da Pol\u00edcia Militar de Irati se deslocou at\u00e9 um barrac\u00e3o na \u00e1rea central fazer o cumprimento de buscas e acabou se deparando com uma situa\u00e7\u00e3o de maus tratos a animais por volta das 15h45min dessa quarta-feira (26). Atendendo solicita\u00e7\u00e3o de \u00f3rg\u00e3os municipais haveria necessidade da presen\u00e7a policial para cumprimento de busca. Tal busca [&hellip;]<\/p>\n","protected":false},"author":2,"featured_media":34777,"comment_status":"open","ping_status":"open","sticky":false,"template":"","format":"standard","meta":{"footnotes":""},"categories":[2],"tags":[172],"class_list":["post-34776","post","type-post","status-publish","format-standard","has-post-thumbnail","hentry","category-policial","tag-featured"],"amp_enabled":true,"_links":{"self":[{"href":"https:\/\/radiostudiow.com.br\/site\/wp-json\/wp\/v2\/posts\/34776","targetHints":{"allow":["GET"]}}],"collection":[{"href":"https:\/\/radiostudiow.com.br\/site\/wp-json\/wp\/v2\/posts"}],"about":[{"href":"https:\/\/radiostudiow.com.br\/site\/wp-json\/wp\/v2\/types\/post"}],"author":[{"embeddable":true,"href":"https:\/\/radiostudiow.com.br\/site\/wp-json\/wp\/v2\/users\/2"}],"replies":[{"embeddable":true,"href":"https:\/\/radiostudiow.com.br\/site\/wp-json\/wp\/v2\/comments?post=34776"}],"version-history":[{"count":2,"href":"https:\/\/radiostudiow.com.br\/site\/wp-json\/wp\/v2\/posts\/34776\/revisions"}],"predecessor-version":[{"id":34798,"href":"https:\/\/radiostudiow.com.br\/site\/wp-json\/wp\/v2\/posts\/34776\/revisions\/34798"}],"wp:featuredmedia":[{"embeddable":true,"href":"https:\/\/radiostudiow.com.br\/site\/wp-json\/wp\/v2\/media\/34777"}],"wp:attachment":[{"href":"https:\/\/radiostudiow.com.br\/site\/wp-json\/wp\/v2\/media?parent=34776"}],"wp:term":[{"taxonomy":"category","embeddable":true,"href":"https:\/\/radiostudiow.com.br\/site\/wp-json\/wp\/v2\/categories?post=34776"},{"taxonomy":"post_tag","embeddable":true,"href":"https:\/\/radiostudiow.com.br\/site\/wp-json\/wp\/v2\/tags?post=34776"}],"curies":[{"name":"wp","href":"https:\/\/api.w.org\/{rel}","templated":true}]}}