{"id":34781,"date":"2025-02-27T11:22:59","date_gmt":"2025-02-27T14:22:59","guid":{"rendered":"https:\/\/radiostudiow.com.br\/site\/?p=34781"},"modified":"2025-02-27T14:13:05","modified_gmt":"2025-02-27T17:13:05","slug":"policia-prende-traficante-em-paula-freitas","status":"publish","type":"post","link":"https:\/\/radiostudiow.com.br\/site\/2025\/02\/27\/policia-prende-traficante-em-paula-freitas\/","title":{"rendered":"Pol\u00edcia prende traficante em Paula Freitas"},"content":{"rendered":"\n<p style=\"font-size:21px\">A equipe da RPA de Paula Freitas tomou conhecimento de uma den\u00fancia de tr\u00e1fico de entorpecentes na \u00e1rea rural de  Bela Vista por volta das 20h40min dessa quarta-feira (26).<\/p>\n\n\n\n<p style=\"font-size:21px\">Os policiais se deslocaram at\u00e9 a regi\u00e3o, onde foi poss\u00edvel observar tr\u00eas homens em atitude suspeita em frente a uma resid\u00eancia. Dois deles fugiram a p\u00e9 pela mata quando avistaram a pol\u00edcia.<\/p>\n\n\n\n<figure class=\"wp-block-image size-full\"><img loading=\"lazy\" decoding=\"async\" width=\"598\" height=\"204\" src=\"https:\/\/radiostudiow.com.br\/site\/wp-content\/uploads\/2025\/01\/SITE-MEDIO2.png\" alt=\"\" class=\"wp-image-32844\" srcset=\"https:\/\/radiostudiow.com.br\/site\/wp-content\/uploads\/2025\/01\/SITE-MEDIO2.png 598w, https:\/\/radiostudiow.com.br\/site\/wp-content\/uploads\/2025\/01\/SITE-MEDIO2-300x102.png 300w\" sizes=\"auto, (max-width: 598px) 100vw, 598px\" \/><\/figure>\n\n\n\n<p style=\"font-size:21px\">O terceiro foi abordado, nada de il\u00edcito foi encontrado em sua posse. Em busca domiciliar, os policiais localizaram seis inv\u00f3lucros transparentes contendo subst\u00e2ncia an\u00e1loga \u00e0 coca\u00edna.<\/p>\n\n\n\n<p style=\"font-size:21px\">Diante dos fatos, foi dada voz de pris\u00e3o ao envolvido, que foi encaminhado \u00e0 delegaciapara os procedimentos cab\u00edveis.<\/p>\n","protected":false},"excerpt":{"rendered":"<p>A equipe da RPA de Paula Freitas tomou conhecimento de uma den\u00fancia de tr\u00e1fico de entorpecentes na \u00e1rea rural de Bela Vista por volta das 20h40min dessa quarta-feira (26). Os policiais se deslocaram at\u00e9 a regi\u00e3o, onde foi poss\u00edvel observar tr\u00eas homens em atitude suspeita em frente a uma resid\u00eancia. Dois deles fugiram a p\u00e9 [&hellip;]<\/p>\n","protected":false},"author":2,"featured_media":34784,"comment_status":"open","ping_status":"open","sticky":false,"template":"","format":"standard","meta":{"footnotes":""},"categories":[2],"tags":[172],"class_list":["post-34781","post","type-post","status-publish","format-standard","has-post-thumbnail","hentry","category-policial","tag-featured"],"amp_enabled":true,"_links":{"self":[{"href":"https:\/\/radiostudiow.com.br\/site\/wp-json\/wp\/v2\/posts\/34781","targetHints":{"allow":["GET"]}}],"collection":[{"href":"https:\/\/radiostudiow.com.br\/site\/wp-json\/wp\/v2\/posts"}],"about":[{"href":"https:\/\/radiostudiow.com.br\/site\/wp-json\/wp\/v2\/types\/post"}],"author":[{"embeddable":true,"href":"https:\/\/radiostudiow.com.br\/site\/wp-json\/wp\/v2\/users\/2"}],"replies":[{"embeddable":true,"href":"https:\/\/radiostudiow.com.br\/site\/wp-json\/wp\/v2\/comments?post=34781"}],"version-history":[{"count":4,"href":"https:\/\/radiostudiow.com.br\/site\/wp-json\/wp\/v2\/posts\/34781\/revisions"}],"predecessor-version":[{"id":34799,"href":"https:\/\/radiostudiow.com.br\/site\/wp-json\/wp\/v2\/posts\/34781\/revisions\/34799"}],"wp:featuredmedia":[{"embeddable":true,"href":"https:\/\/radiostudiow.com.br\/site\/wp-json\/wp\/v2\/media\/34784"}],"wp:attachment":[{"href":"https:\/\/radiostudiow.com.br\/site\/wp-json\/wp\/v2\/media?parent=34781"}],"wp:term":[{"taxonomy":"category","embeddable":true,"href":"https:\/\/radiostudiow.com.br\/site\/wp-json\/wp\/v2\/categories?post=34781"},{"taxonomy":"post_tag","embeddable":true,"href":"https:\/\/radiostudiow.com.br\/site\/wp-json\/wp\/v2\/tags?post=34781"}],"curies":[{"name":"wp","href":"https:\/\/api.w.org\/{rel}","templated":true}]}}