{"id":34786,"date":"2025-02-27T11:50:50","date_gmt":"2025-02-27T14:50:50","guid":{"rendered":"https:\/\/radiostudiow.com.br\/site\/?p=34786"},"modified":"2025-02-27T14:14:21","modified_gmt":"2025-02-27T17:14:21","slug":"homem-e-detido-com-mandado-de-prisao-por-furto-em-uniao-da-vitoria","status":"publish","type":"post","link":"https:\/\/radiostudiow.com.br\/site\/2025\/02\/27\/homem-e-detido-com-mandado-de-prisao-por-furto-em-uniao-da-vitoria\/","title":{"rendered":"Homem \u00e9 detido com mandado de pris\u00e3o por furto em Uni\u00e3o da Vit\u00f3ria"},"content":{"rendered":"\n<p style=\"font-size:21px\">A equipe da Pol\u00edcia Militar de Uni\u00e3o da Vit\u00f3ria  estava realizando patrulhamento na localidade Limeira quando abordou um homem do conhecimento. A situa\u00e7\u00e3o ocorreu por volta das 10h44min dessa quarta-feira (26).<\/p>\n\n\n\n<p style=\"font-size:21px\">Ap\u00f3s consultar o nome do suspeito no sistema da pol\u00edcia, foi poss\u00edvel confirmar um mandado de pris\u00e3o em aberto (art. 155, furto) em seu desfavor. Diante da situa\u00e7\u00e3o, o homem foi encaminhado ao DEPEN para asprovid\u00eancias cab\u00edveis.<\/p>\n\n\n\n<figure class=\"wp-block-image size-full\"><img loading=\"lazy\" decoding=\"async\" width=\"300\" height=\"180\" src=\"https:\/\/radiostudiow.com.br\/site\/wp-content\/uploads\/2025\/01\/SITE-PEQUENO3.png\" alt=\"\" class=\"wp-image-32851\"\/><\/figure>\n","protected":false},"excerpt":{"rendered":"<p>A equipe da Pol\u00edcia Militar de Uni\u00e3o da Vit\u00f3ria estava realizando patrulhamento na localidade Limeira quando abordou um homem do conhecimento. A situa\u00e7\u00e3o ocorreu por volta das 10h44min dessa quarta-feira (26). Ap\u00f3s consultar o nome do suspeito no sistema da pol\u00edcia, foi poss\u00edvel confirmar um mandado de pris\u00e3o em aberto (art. 155, furto) em seu [&hellip;]<\/p>\n","protected":false},"author":2,"featured_media":33740,"comment_status":"open","ping_status":"open","sticky":false,"template":"","format":"standard","meta":{"footnotes":""},"categories":[2],"tags":[172],"class_list":["post-34786","post","type-post","status-publish","format-standard","has-post-thumbnail","hentry","category-policial","tag-featured"],"amp_enabled":true,"_links":{"self":[{"href":"https:\/\/radiostudiow.com.br\/site\/wp-json\/wp\/v2\/posts\/34786","targetHints":{"allow":["GET"]}}],"collection":[{"href":"https:\/\/radiostudiow.com.br\/site\/wp-json\/wp\/v2\/posts"}],"about":[{"href":"https:\/\/radiostudiow.com.br\/site\/wp-json\/wp\/v2\/types\/post"}],"author":[{"embeddable":true,"href":"https:\/\/radiostudiow.com.br\/site\/wp-json\/wp\/v2\/users\/2"}],"replies":[{"embeddable":true,"href":"https:\/\/radiostudiow.com.br\/site\/wp-json\/wp\/v2\/comments?post=34786"}],"version-history":[{"count":3,"href":"https:\/\/radiostudiow.com.br\/site\/wp-json\/wp\/v2\/posts\/34786\/revisions"}],"predecessor-version":[{"id":34800,"href":"https:\/\/radiostudiow.com.br\/site\/wp-json\/wp\/v2\/posts\/34786\/revisions\/34800"}],"wp:featuredmedia":[{"embeddable":true,"href":"https:\/\/radiostudiow.com.br\/site\/wp-json\/wp\/v2\/media\/33740"}],"wp:attachment":[{"href":"https:\/\/radiostudiow.com.br\/site\/wp-json\/wp\/v2\/media?parent=34786"}],"wp:term":[{"taxonomy":"category","embeddable":true,"href":"https:\/\/radiostudiow.com.br\/site\/wp-json\/wp\/v2\/categories?post=34786"},{"taxonomy":"post_tag","embeddable":true,"href":"https:\/\/radiostudiow.com.br\/site\/wp-json\/wp\/v2\/tags?post=34786"}],"curies":[{"name":"wp","href":"https:\/\/api.w.org\/{rel}","templated":true}]}}