{"id":3479,"date":"2021-08-31T17:29:23","date_gmt":"2021-08-31T20:29:23","guid":{"rendered":"https:\/\/radiostudiow.com.br\/site\/?p=3479"},"modified":"2025-01-31T15:12:29","modified_gmt":"2025-01-31T18:12:29","slug":"casal-tem-pertences-e-seu-veiculo-furtados-de-casa-em-sao-mateus-do-sul","status":"publish","type":"post","link":"https:\/\/radiostudiow.com.br\/site\/2021\/08\/31\/casal-tem-pertences-e-seu-veiculo-furtados-de-casa-em-sao-mateus-do-sul\/","title":{"rendered":"Casal tem pertences e seu ve\u00edculo furtados de casa em S\u00e3o Mateus do Sul"},"content":{"rendered":"\n<p>Um homem acionou a equipe da Pol\u00edcia Militar de S\u00e3o Mateus do Sul ap\u00f3s sua resid\u00eancia ser arrombada e pertences e seu ve\u00edculo serem furtados nessa segunda \u2013 feira, 30 de agosto, na localidade da Vila Pinheirinho.<\/p>\n\n\n\n<p>&nbsp;Os policiais se deslocaram at\u00e9 o local e entraram em contato com o solicitante, qual relatou que ele e sua esposa chegaram na resid\u00eancia por volta das 12:40 horas e ao entrar notaram objetos revirados e a porta dos fundos arrombada.<\/p>\n\n\n\n<p>Foram levadas 4 TVS, 150,00 reais, cart\u00f5es de credito, 1 notebook, 1 Tablet de propriedade da prefeitura municipal, 1 HD externo de 500 GB e um veiculo Ford\/Ecosport 1.6 cor prata.<\/p>\n\n\n\n<p>Em conversa com vizinhos, relataram que o fato se deu por volta das 12:00 horas e que viram um ve\u00edculo de cor escura saindo junto.<\/p>\n\n\n\n<p>Foram repassadas as orienta\u00e7\u00f5es aos propriet\u00e1rios quanto aos procedimentos cab\u00edveis e repassado a toda a rede para patrulhamento.<\/p>\n\n\n\n<figure class=\"wp-block-image size-full\"><img decoding=\"async\" src=\"https:\/\/radiostudiow.com.br\/site\/wp-content\/uploads\/2021\/08\/IMOB-SUL-1.jpg\" alt=\"\" class=\"wp-image-3394\"\/><\/figure>\n","protected":false},"excerpt":{"rendered":"<p>Um homem acionou a equipe da Pol\u00edcia Militar de S\u00e3o Mateus do Sul ap\u00f3s sua resid\u00eancia ser arrombada e pertences e seu ve\u00edculo serem furtados nessa segunda \u2013 feira, 30 de agosto, na localidade da Vila Pinheirinho. &nbsp;Os policiais se deslocaram at\u00e9 o local e entraram em contato com o solicitante, qual relatou que ele [&hellip;]<\/p>\n","protected":false},"author":2,"featured_media":3480,"comment_status":"open","ping_status":"open","sticky":false,"template":"","format":"standard","meta":{"footnotes":""},"categories":[2],"tags":[172],"class_list":["post-3479","post","type-post","status-publish","format-standard","has-post-thumbnail","hentry","category-policial","tag-featured"],"amp_enabled":true,"_links":{"self":[{"href":"https:\/\/radiostudiow.com.br\/site\/wp-json\/wp\/v2\/posts\/3479","targetHints":{"allow":["GET"]}}],"collection":[{"href":"https:\/\/radiostudiow.com.br\/site\/wp-json\/wp\/v2\/posts"}],"about":[{"href":"https:\/\/radiostudiow.com.br\/site\/wp-json\/wp\/v2\/types\/post"}],"author":[{"embeddable":true,"href":"https:\/\/radiostudiow.com.br\/site\/wp-json\/wp\/v2\/users\/2"}],"replies":[{"embeddable":true,"href":"https:\/\/radiostudiow.com.br\/site\/wp-json\/wp\/v2\/comments?post=3479"}],"version-history":[{"count":1,"href":"https:\/\/radiostudiow.com.br\/site\/wp-json\/wp\/v2\/posts\/3479\/revisions"}],"predecessor-version":[{"id":3481,"href":"https:\/\/radiostudiow.com.br\/site\/wp-json\/wp\/v2\/posts\/3479\/revisions\/3481"}],"wp:featuredmedia":[{"embeddable":true,"href":"https:\/\/radiostudiow.com.br\/site\/wp-json\/wp\/v2\/media\/3480"}],"wp:attachment":[{"href":"https:\/\/radiostudiow.com.br\/site\/wp-json\/wp\/v2\/media?parent=3479"}],"wp:term":[{"taxonomy":"category","embeddable":true,"href":"https:\/\/radiostudiow.com.br\/site\/wp-json\/wp\/v2\/categories?post=3479"},{"taxonomy":"post_tag","embeddable":true,"href":"https:\/\/radiostudiow.com.br\/site\/wp-json\/wp\/v2\/tags?post=3479"}],"curies":[{"name":"wp","href":"https:\/\/api.w.org\/{rel}","templated":true}]}}