{"id":34837,"date":"2025-02-28T10:06:54","date_gmt":"2025-02-28T13:06:54","guid":{"rendered":"https:\/\/radiostudiow.com.br\/site\/?p=34837"},"modified":"2025-02-28T10:06:54","modified_gmt":"2025-02-28T13:06:54","slug":"crianca-vitima-de-acidente-na-br-277-e-identificada-familiares-eram-de-reboucas","status":"publish","type":"post","link":"https:\/\/radiostudiow.com.br\/site\/2025\/02\/28\/crianca-vitima-de-acidente-na-br-277-e-identificada-familiares-eram-de-reboucas\/","title":{"rendered":"Crian\u00e7a v\u00edtima de acidente na BR-277 \u00e9 identificada. Familiares eram de Rebou\u00e7as"},"content":{"rendered":"\n<p>O grave acidente foi registrado no km 148 da BR-277, em Balsa Nova. A colis\u00e3o transversal envolveu um Fiat Palio, de Guarapuava e um caminh\u00e3o Scania com reboque, de S\u00e3o Jos\u00e9 dos Pinhais por volta das 20h50min dessa quarta-feira (26).<\/p>\n\n\n\n<figure class=\"wp-block-image size-full\"><img loading=\"lazy\" decoding=\"async\" width=\"897\" height=\"204\" src=\"https:\/\/radiostudiow.com.br\/site\/wp-content\/uploads\/2025\/01\/SITE-GRANDE2.png\" alt=\"\" class=\"wp-image-32805\" srcset=\"https:\/\/radiostudiow.com.br\/site\/wp-content\/uploads\/2025\/01\/SITE-GRANDE2.png 897w, https:\/\/radiostudiow.com.br\/site\/wp-content\/uploads\/2025\/01\/SITE-GRANDE2-300x68.png 300w, https:\/\/radiostudiow.com.br\/site\/wp-content\/uploads\/2025\/01\/SITE-GRANDE2-768x175.png 768w\" sizes=\"auto, (max-width: 897px) 100vw, 897px\" \/><\/figure>\n\n\n\n<p>De acordo com as informa\u00e7\u00f5es da PRF, o Fiat Palio saiu de um posto de combust\u00edvel e, ao acessar a rodovia, colidiu com o caminh\u00e3o, que seguia no sentido Irati. No ve\u00edculo menor estavam quatro ocupantes \u2013 dois adultos e duas crian\u00e7as, de 4 e 8 anos.<\/p>\n\n\n\n<div class=\"wp-block-media-text is-stacked-on-mobile\"><figure class=\"wp-block-media-text__media\"><img loading=\"lazy\" decoding=\"async\" width=\"747\" height=\"747\" src=\"https:\/\/radiostudiow.com.br\/site\/wp-content\/uploads\/2025\/02\/image-140-edited.png\" alt=\"\" class=\"wp-image-34872 size-full\" srcset=\"https:\/\/radiostudiow.com.br\/site\/wp-content\/uploads\/2025\/02\/image-140-edited.png 747w, https:\/\/radiostudiow.com.br\/site\/wp-content\/uploads\/2025\/02\/image-140-edited-300x300.png 300w, https:\/\/radiostudiow.com.br\/site\/wp-content\/uploads\/2025\/02\/image-140-edited-80x80.png 80w\" sizes=\"auto, (max-width: 747px) 100vw, 747px\" \/><\/figure><div class=\"wp-block-media-text__content\">\n<p><strong><em>Nicoli Preckman da Silva de 8 anos n\u00e3o resistiu aos ferimentos e foi a \u00f3bito na unidade hospitalar, ela era filha de Adriano da Silva e Ketlin Preckman, que alguns anos moraram em Rebou\u00e7as, na regi\u00e3o do Bugio.<\/em><\/strong><\/p>\n<\/div><\/div>\n\n\n\n<p>O condutor do caminh\u00e3o n\u00e3o sofreu ferimentos e realizou o teste do baf\u00f4metro, que teve resultado negativo. Equipes da Pol\u00edcia Rodovi\u00e1ria Federal (PRF) e tr\u00eas ambul\u00e2ncias da concession\u00e1ria Via Arauc\u00e1ria atenderam \u00e0 ocorr\u00eancia.<\/p>\n\n\n\n<p>As v\u00edtimas foram socorridas e encaminhadas ao Hospital Evang\u00e9lico, em Curitiba. O tr\u00e2nsito na rodovia ficou em sistema de pare e siga at\u00e9 as 23h, sendo desviado por dentro do posto de combust\u00edveis. Ap\u00f3s os trabalhos das equipes de resgate, a pista foi totalmente liberada.<\/p>\n\n\n\n<p><em>Aos familiares os nossos sentimentos.<\/em><a href=\"https:\/\/api.whatsapp.com\/send?text=Crian%C3%A7a%20morre%20e%20outras%20tr%C3%AAs%20pessoas%20ficam%20feridas%20em%20acidente%20na%20BR-277;%20familiares%20eram%20de%20Rebou%C3%A7as%20-%20https:\/\/alvoradanoar.com.br\/noticia\/693679\" target=\"_blank\" rel=\"noreferrer noopener\"><\/a><\/p>\n","protected":false},"excerpt":{"rendered":"<p>O grave acidente foi registrado no km 148 da BR-277, em Balsa Nova. A colis\u00e3o transversal envolveu um Fiat Palio, de Guarapuava e um caminh\u00e3o Scania com reboque, de S\u00e3o Jos\u00e9 dos Pinhais por volta das 20h50min dessa quarta-feira (26). De acordo com as informa\u00e7\u00f5es da PRF, o Fiat Palio saiu de um posto de [&hellip;]<\/p>\n","protected":false},"author":2,"featured_media":34802,"comment_status":"open","ping_status":"open","sticky":false,"template":"","format":"standard","meta":{"footnotes":""},"categories":[2],"tags":[172],"class_list":["post-34837","post","type-post","status-publish","format-standard","has-post-thumbnail","hentry","category-policial","tag-featured"],"amp_enabled":true,"_links":{"self":[{"href":"https:\/\/radiostudiow.com.br\/site\/wp-json\/wp\/v2\/posts\/34837","targetHints":{"allow":["GET"]}}],"collection":[{"href":"https:\/\/radiostudiow.com.br\/site\/wp-json\/wp\/v2\/posts"}],"about":[{"href":"https:\/\/radiostudiow.com.br\/site\/wp-json\/wp\/v2\/types\/post"}],"author":[{"embeddable":true,"href":"https:\/\/radiostudiow.com.br\/site\/wp-json\/wp\/v2\/users\/2"}],"replies":[{"embeddable":true,"href":"https:\/\/radiostudiow.com.br\/site\/wp-json\/wp\/v2\/comments?post=34837"}],"version-history":[{"count":3,"href":"https:\/\/radiostudiow.com.br\/site\/wp-json\/wp\/v2\/posts\/34837\/revisions"}],"predecessor-version":[{"id":34873,"href":"https:\/\/radiostudiow.com.br\/site\/wp-json\/wp\/v2\/posts\/34837\/revisions\/34873"}],"wp:featuredmedia":[{"embeddable":true,"href":"https:\/\/radiostudiow.com.br\/site\/wp-json\/wp\/v2\/media\/34802"}],"wp:attachment":[{"href":"https:\/\/radiostudiow.com.br\/site\/wp-json\/wp\/v2\/media?parent=34837"}],"wp:term":[{"taxonomy":"category","embeddable":true,"href":"https:\/\/radiostudiow.com.br\/site\/wp-json\/wp\/v2\/categories?post=34837"},{"taxonomy":"post_tag","embeddable":true,"href":"https:\/\/radiostudiow.com.br\/site\/wp-json\/wp\/v2\/tags?post=34837"}],"curies":[{"name":"wp","href":"https:\/\/api.w.org\/{rel}","templated":true}]}}