{"id":3484,"date":"2021-09-01T11:25:38","date_gmt":"2021-09-01T14:25:38","guid":{"rendered":"https:\/\/radiostudiow.com.br\/site\/?p=3484"},"modified":"2025-01-31T15:12:29","modified_gmt":"2025-01-31T18:12:29","slug":"homem-tem-equipamentos-de-trabalho-furtados-em-paulo-frontin","status":"publish","type":"post","link":"https:\/\/radiostudiow.com.br\/site\/2021\/09\/01\/homem-tem-equipamentos-de-trabalho-furtados-em-paulo-frontin\/","title":{"rendered":"Homem tem equipamentos de trabalho furtados em Paulo Frontin"},"content":{"rendered":"\n<p>\u00c0s 08:30 horas dessa ter\u00e7a \u2013 feira, 31 de agosto, um homem compareceu ao Pelot\u00e3o da Pol\u00edcia Militar de Paulo Frontin ap\u00f3s ser v\u00edtima de furto.<\/p>\n\n\n\n<p>De acordo com o solicitante, o qual \u00e9 morador de S\u00e3o Francisco, teve seus equipamentos de trabalho furtados, por\u00e9m n\u00e3o soube precisar a data do fato.<\/p>\n\n\n\n<p>Diante da situa\u00e7\u00e3o a v\u00edtima foi orientada quanto aos procedimentos cab\u00edveis.<\/p>\n\n\n\n<div class=\"wp-block-image\"><figure class=\"aligncenter size-large is-resized\"><img loading=\"lazy\" decoding=\"async\" src=\"https:\/\/radiostudiow.com.br\/site\/wp-content\/uploads\/2021\/09\/4-DIAS-1024x986.jpg\" alt=\"\" class=\"wp-image-3485\" width=\"392\" height=\"377\"\/><\/figure><\/div>\n","protected":false},"excerpt":{"rendered":"<p>\u00c0s 08:30 horas dessa ter\u00e7a \u2013 feira, 31 de agosto, um homem compareceu ao Pelot\u00e3o da Pol\u00edcia Militar de Paulo Frontin ap\u00f3s ser v\u00edtima de furto. De acordo com o solicitante, o qual \u00e9 morador de S\u00e3o Francisco, teve seus equipamentos de trabalho furtados, por\u00e9m n\u00e3o soube precisar a data do fato. Diante da situa\u00e7\u00e3o [&hellip;]<\/p>\n","protected":false},"author":2,"featured_media":0,"comment_status":"open","ping_status":"open","sticky":false,"template":"","format":"standard","meta":{"footnotes":""},"categories":[2],"tags":[172],"class_list":["post-3484","post","type-post","status-publish","format-standard","hentry","category-policial","tag-featured"],"amp_enabled":true,"_links":{"self":[{"href":"https:\/\/radiostudiow.com.br\/site\/wp-json\/wp\/v2\/posts\/3484","targetHints":{"allow":["GET"]}}],"collection":[{"href":"https:\/\/radiostudiow.com.br\/site\/wp-json\/wp\/v2\/posts"}],"about":[{"href":"https:\/\/radiostudiow.com.br\/site\/wp-json\/wp\/v2\/types\/post"}],"author":[{"embeddable":true,"href":"https:\/\/radiostudiow.com.br\/site\/wp-json\/wp\/v2\/users\/2"}],"replies":[{"embeddable":true,"href":"https:\/\/radiostudiow.com.br\/site\/wp-json\/wp\/v2\/comments?post=3484"}],"version-history":[{"count":2,"href":"https:\/\/radiostudiow.com.br\/site\/wp-json\/wp\/v2\/posts\/3484\/revisions"}],"predecessor-version":[{"id":3490,"href":"https:\/\/radiostudiow.com.br\/site\/wp-json\/wp\/v2\/posts\/3484\/revisions\/3490"}],"wp:attachment":[{"href":"https:\/\/radiostudiow.com.br\/site\/wp-json\/wp\/v2\/media?parent=3484"}],"wp:term":[{"taxonomy":"category","embeddable":true,"href":"https:\/\/radiostudiow.com.br\/site\/wp-json\/wp\/v2\/categories?post=3484"},{"taxonomy":"post_tag","embeddable":true,"href":"https:\/\/radiostudiow.com.br\/site\/wp-json\/wp\/v2\/tags?post=3484"}],"curies":[{"name":"wp","href":"https:\/\/api.w.org\/{rel}","templated":true}]}}