{"id":34889,"date":"2025-02-28T17:08:32","date_gmt":"2025-02-28T20:08:32","guid":{"rendered":"https:\/\/radiostudiow.com.br\/site\/?p=34889"},"modified":"2025-02-28T17:08:32","modified_gmt":"2025-02-28T20:08:32","slug":"nao-perca-sua-crianca-na-folia-pcpr-orienta-sobre-os-cuidados-com-os-pequenos-no-carnaval","status":"publish","type":"post","link":"https:\/\/radiostudiow.com.br\/site\/2025\/02\/28\/nao-perca-sua-crianca-na-folia-pcpr-orienta-sobre-os-cuidados-com-os-pequenos-no-carnaval\/","title":{"rendered":"N\u00e3o perca sua crian\u00e7a na folia: PCPR orienta sobre os cuidados com os pequenos no Carnaval"},"content":{"rendered":"\n<p>A Pol\u00edcia Civil do Paran\u00e1 (PCPR) orienta pais e respons\u00e1veis sobre os principais cuidados que devem ser adotados com as crian\u00e7as durante o per\u00edodo do Carnaval. Com o aumento da circula\u00e7\u00e3o de pessoas, especialmente no Litoral, \u00e9 necess\u00e1rio redobrar a aten\u00e7\u00e3o para mant\u00ea-las em seguran\u00e7a.<\/p>\n\n\n\n<p>Durante os festejos de Carnaval, uma das primeiras medidas a serem adotadas \u00e9 o uso da pulseirinha de identifica\u00e7\u00e3o contendo o nome e o telefone de contato dos respons\u00e1veis. A pulseirinha pode ser retirada gratuitamente nas delegacias da PCPR, na Delegacia M\u00f3vel ou com as demais for\u00e7as de seguran\u00e7a.<\/p>\n\n\n\n<figure class=\"wp-block-image size-full\"><img loading=\"lazy\" decoding=\"async\" width=\"598\" height=\"204\" src=\"https:\/\/radiostudiow.com.br\/site\/wp-content\/uploads\/2025\/01\/SITE-MEDIO7.png\" alt=\"\" class=\"wp-image-32801\" srcset=\"https:\/\/radiostudiow.com.br\/site\/wp-content\/uploads\/2025\/01\/SITE-MEDIO7.png 598w, https:\/\/radiostudiow.com.br\/site\/wp-content\/uploads\/2025\/01\/SITE-MEDIO7-300x102.png 300w\" sizes=\"auto, (max-width: 598px) 100vw, 598px\" \/><\/figure>\n\n\n\n<p>A delegada Patr\u00edcia Nobre Paz, do Servi\u00e7o de Investiga\u00e7\u00e3o de Crian\u00e7as Desaparecidas (Sicride), orienta tamb\u00e9m que os pais devem redobrar a aten\u00e7\u00e3o em locais com grande aglomera\u00e7\u00e3o de pessoas. A dica \u00e9 manter as crian\u00e7as e adolescentes sob seu campo de vis\u00e3o todo o tempo.<\/p>\n\n\n\n<p><strong><em>\u201cEm locais com muita gente, nunca perca seu filho de vista. Defina um ponto de encontro caso voc\u00eas se separem. E se, por algum motivo, ele se perder, procure imediatamente a pol\u00edcia ou um posto de seguran\u00e7a, como as delegacias da PCPR\u201d, afirma.<\/em><\/strong><\/p>\n\n\n\n<p>N\u00e3o \u00e9 necess\u00e1rio aguardar 24 horas caso se perceba que a crian\u00e7a ou o adolescente tenha sumido. A partir do momento que o menor n\u00e3o foi localizado, os pais devem procurar a delegacia mais pr\u00f3xima para registrar o boletim de ocorr\u00eancia. Esse registro \u00e9 o ponto de partida para as buscas.<\/p>\n\n\n\n<figure class=\"wp-block-image size-full\"><img loading=\"lazy\" decoding=\"async\" width=\"897\" height=\"204\" src=\"https:\/\/radiostudiow.com.br\/site\/wp-content\/uploads\/2025\/01\/SITE-GRANDE4.png\" alt=\"\" class=\"wp-image-32888\" srcset=\"https:\/\/radiostudiow.com.br\/site\/wp-content\/uploads\/2025\/01\/SITE-GRANDE4.png 897w, https:\/\/radiostudiow.com.br\/site\/wp-content\/uploads\/2025\/01\/SITE-GRANDE4-300x68.png 300w, https:\/\/radiostudiow.com.br\/site\/wp-content\/uploads\/2025\/01\/SITE-GRANDE4-768x175.png 768w\" sizes=\"auto, (max-width: 897px) 100vw, 897px\" \/><\/figure>\n\n\n\n<p>Outro cuidado importante \u00e9 com o uso de transportes por aplicativo. Os pais nunca devem permitir que a crian\u00e7a se desloque sozinha ou com desconhecidos. Tamb\u00e9m \u00e9 essencial orientar sobre o perigo de dar confian\u00e7a a estranhos e ter aten\u00e7\u00e3o redobrada aos conte\u00fados consumidos na internet.<\/p>\n\n\n\n<p>Para quem encontrar alguma crian\u00e7a perdida nas aglomera\u00e7\u00f5es do Carnaval, a orienta\u00e7\u00e3o \u00e9 acalm\u00e1-la e informar imediatamente a autoridade policial mais pr\u00f3xima para que ela possa ser devolvida \u00e0 fam\u00edlia.<\/p>\n\n\n\n<p><em><strong>\u201cAl\u00e9m disso, m\u00e1xima vigil\u00e2ncia para prevenir abusos e explora\u00e7\u00e3o de menores. Se perceber algo suspeito, n\u00e3o hesite em denunciar \u00e0s for\u00e7as policiais. O Carnaval \u00e9 para se divertir, mas com seguran\u00e7a e responsabilidade. Fique atento e proteja nossas crian\u00e7as e adolescentes\u201d, afirma a delegada.<\/strong><\/em><\/p>\n\n\n\n<p><strong>DEN\u00daNCIAS<\/strong>&nbsp;\u2013 Quem tomar conhecimento da pr\u00e1tica de algum crime contra crian\u00e7a ou adolescente deve denunciar. A PCPR solicita a colabora\u00e7\u00e3o da popula\u00e7\u00e3o com informa\u00e7\u00f5es que auxiliem em casos de viol\u00eancia contra crian\u00e7as e adolescentes. As den\u00fancias podem ser feitas de forma an\u00f4nima pelos telefones 197, da PCPR ou 181 do Disque Den\u00fancia.<\/p>\n\n\n\n<p>Se a viol\u00eancia estiver ocorrendo naquele momento, a Pol\u00edcia Militar deve ser acionada pelo telefone 190<\/p>\n","protected":false},"excerpt":{"rendered":"<p>A Pol\u00edcia Civil do Paran\u00e1 (PCPR) orienta pais e respons\u00e1veis sobre os principais cuidados que devem ser adotados com as crian\u00e7as durante o per\u00edodo do Carnaval. Com o aumento da circula\u00e7\u00e3o de pessoas, especialmente no Litoral, \u00e9 necess\u00e1rio redobrar a aten\u00e7\u00e3o para mant\u00ea-las em seguran\u00e7a. Durante os festejos de Carnaval, uma das primeiras medidas a [&hellip;]<\/p>\n","protected":false},"author":2,"featured_media":34890,"comment_status":"open","ping_status":"open","sticky":false,"template":"","format":"standard","meta":{"footnotes":""},"categories":[2],"tags":[172],"class_list":["post-34889","post","type-post","status-publish","format-standard","has-post-thumbnail","hentry","category-policial","tag-featured"],"amp_enabled":true,"_links":{"self":[{"href":"https:\/\/radiostudiow.com.br\/site\/wp-json\/wp\/v2\/posts\/34889","targetHints":{"allow":["GET"]}}],"collection":[{"href":"https:\/\/radiostudiow.com.br\/site\/wp-json\/wp\/v2\/posts"}],"about":[{"href":"https:\/\/radiostudiow.com.br\/site\/wp-json\/wp\/v2\/types\/post"}],"author":[{"embeddable":true,"href":"https:\/\/radiostudiow.com.br\/site\/wp-json\/wp\/v2\/users\/2"}],"replies":[{"embeddable":true,"href":"https:\/\/radiostudiow.com.br\/site\/wp-json\/wp\/v2\/comments?post=34889"}],"version-history":[{"count":1,"href":"https:\/\/radiostudiow.com.br\/site\/wp-json\/wp\/v2\/posts\/34889\/revisions"}],"predecessor-version":[{"id":34891,"href":"https:\/\/radiostudiow.com.br\/site\/wp-json\/wp\/v2\/posts\/34889\/revisions\/34891"}],"wp:featuredmedia":[{"embeddable":true,"href":"https:\/\/radiostudiow.com.br\/site\/wp-json\/wp\/v2\/media\/34890"}],"wp:attachment":[{"href":"https:\/\/radiostudiow.com.br\/site\/wp-json\/wp\/v2\/media?parent=34889"}],"wp:term":[{"taxonomy":"category","embeddable":true,"href":"https:\/\/radiostudiow.com.br\/site\/wp-json\/wp\/v2\/categories?post=34889"},{"taxonomy":"post_tag","embeddable":true,"href":"https:\/\/radiostudiow.com.br\/site\/wp-json\/wp\/v2\/tags?post=34889"}],"curies":[{"name":"wp","href":"https:\/\/api.w.org\/{rel}","templated":true}]}}