{"id":34913,"date":"2025-03-01T09:32:22","date_gmt":"2025-03-01T12:32:22","guid":{"rendered":"https:\/\/radiostudiow.com.br\/site\/?p=34913"},"modified":"2025-03-01T09:32:22","modified_gmt":"2025-03-01T12:32:22","slug":"prisao-de-homem-por-porte-ilegal-de-arma-de-fogo-e-trafico-de-drogas-em-uniao-da-vitoria","status":"publish","type":"post","link":"https:\/\/radiostudiow.com.br\/site\/2025\/03\/01\/prisao-de-homem-por-porte-ilegal-de-arma-de-fogo-e-trafico-de-drogas-em-uniao-da-vitoria\/","title":{"rendered":"Pris\u00e3o de homem por porte ilegal de arma de fogo e tr\u00e1fico de drogas em Uni\u00e3o da Vit\u00f3ria"},"content":{"rendered":"\n<p> A equipe da ROTAM de Uni\u00e3o da Vit\u00f3ria registrou cumprimento de mandado de busca e apreens\u00e3o em desfavor de um homem na localidade de Rio d\u2019Areia por volta das 09h20min dessa sexta-feira (28).<\/p>\n\n\n\n<p>Ao chegar no local, encontrou a porta da resid\u00eancia aberta e o suspeito foi abordado, sem que il\u00edcitos fossem encontrados no primeiro im\u00f3vel. No entanto, nos fundos da resid\u00eancia, em outro im\u00f3vel, foi localizado o endere\u00e7o de outro indiv\u00edduo, tamb\u00e9m alvo do mandado.<\/p>\n\n\n\n<figure class=\"wp-block-image size-full\"><img loading=\"lazy\" decoding=\"async\" width=\"897\" height=\"204\" src=\"https:\/\/radiostudiow.com.br\/site\/wp-content\/uploads\/2025\/02\/SITE-GRANDE7.png\" alt=\"\" class=\"wp-image-33861\" srcset=\"https:\/\/radiostudiow.com.br\/site\/wp-content\/uploads\/2025\/02\/SITE-GRANDE7.png 897w, https:\/\/radiostudiow.com.br\/site\/wp-content\/uploads\/2025\/02\/SITE-GRANDE7-300x68.png 300w, https:\/\/radiostudiow.com.br\/site\/wp-content\/uploads\/2025\/02\/SITE-GRANDE7-768x175.png 768w\" sizes=\"auto, (max-width: 897px) 100vw, 897px\" \/><\/figure>\n\n\n\n<p>Durante a abordagem, foi encontrado um al\u00e7ap\u00e3o trancado, que ao ser arrombado, deu acesso a este segundo indiv\u00edduo.<\/p>\n\n\n\n<p>Durante a busca no im\u00f3vel, foram encontrados diversos il\u00edcitos,incluindo uma arma de fogo calibre .38 com muni\u00e7\u00f5es, subst\u00e2ncias an\u00e1logas \u00e0 coca\u00edna e maconha, al\u00e9m de drogas sint\u00e9ticas, muni\u00e7\u00f5es e r\u00e1dios comunicadores.<\/p>\n\n\n\n<p>O indiv\u00edduo foi preso ap\u00f3s declarar que os il\u00edcitos encontrados eram de sua posse. Al\u00e9m disso, imagens e v\u00eddeos recentes nas redes sociais do acusado foram encontrados, demonstrando envolvimento com o tr\u00e1fico e apologia afac\u00e7\u00f5es criminosas.<\/p>\n\n\n\n<p>Diante dos fatos, ambos os indiv\u00edduos foram conduzidos \u00e0 4\u00aa SDP para asprovid\u00eancias cab\u00edveis.<\/p>\n\n\n\n<figure class=\"wp-block-image size-full\"><img decoding=\"async\" src=\"https:\/\/radiostudiow.com.br\/site\/wp-content\/uploads\/2025\/02\/SITE-E-TV.png\" alt=\"\" class=\"wp-image-33896\"\/><\/figure>\n","protected":false},"excerpt":{"rendered":"<p>A equipe da ROTAM de Uni\u00e3o da Vit\u00f3ria registrou cumprimento de mandado de busca e apreens\u00e3o em desfavor de um homem na localidade de Rio d\u2019Areia por volta das 09h20min dessa sexta-feira (28). Ao chegar no local, encontrou a porta da resid\u00eancia aberta e o suspeito foi abordado, sem que il\u00edcitos fossem encontrados no primeiro [&hellip;]<\/p>\n","protected":false},"author":2,"featured_media":21681,"comment_status":"open","ping_status":"open","sticky":false,"template":"","format":"standard","meta":{"footnotes":""},"categories":[2],"tags":[172],"class_list":["post-34913","post","type-post","status-publish","format-standard","has-post-thumbnail","hentry","category-policial","tag-featured"],"amp_enabled":true,"_links":{"self":[{"href":"https:\/\/radiostudiow.com.br\/site\/wp-json\/wp\/v2\/posts\/34913","targetHints":{"allow":["GET"]}}],"collection":[{"href":"https:\/\/radiostudiow.com.br\/site\/wp-json\/wp\/v2\/posts"}],"about":[{"href":"https:\/\/radiostudiow.com.br\/site\/wp-json\/wp\/v2\/types\/post"}],"author":[{"embeddable":true,"href":"https:\/\/radiostudiow.com.br\/site\/wp-json\/wp\/v2\/users\/2"}],"replies":[{"embeddable":true,"href":"https:\/\/radiostudiow.com.br\/site\/wp-json\/wp\/v2\/comments?post=34913"}],"version-history":[{"count":2,"href":"https:\/\/radiostudiow.com.br\/site\/wp-json\/wp\/v2\/posts\/34913\/revisions"}],"predecessor-version":[{"id":34915,"href":"https:\/\/radiostudiow.com.br\/site\/wp-json\/wp\/v2\/posts\/34913\/revisions\/34915"}],"wp:featuredmedia":[{"embeddable":true,"href":"https:\/\/radiostudiow.com.br\/site\/wp-json\/wp\/v2\/media\/21681"}],"wp:attachment":[{"href":"https:\/\/radiostudiow.com.br\/site\/wp-json\/wp\/v2\/media?parent=34913"}],"wp:term":[{"taxonomy":"category","embeddable":true,"href":"https:\/\/radiostudiow.com.br\/site\/wp-json\/wp\/v2\/categories?post=34913"},{"taxonomy":"post_tag","embeddable":true,"href":"https:\/\/radiostudiow.com.br\/site\/wp-json\/wp\/v2\/tags?post=34913"}],"curies":[{"name":"wp","href":"https:\/\/api.w.org\/{rel}","templated":true}]}}