{"id":34916,"date":"2025-03-01T10:49:03","date_gmt":"2025-03-01T13:49:03","guid":{"rendered":"https:\/\/radiostudiow.com.br\/site\/?p=34916"},"modified":"2025-03-01T10:49:04","modified_gmt":"2025-03-01T13:49:04","slug":"carga-de-8-toneladas-de-camarao-argentino-e-apreendida-em-uniao-da-vitoria","status":"publish","type":"post","link":"https:\/\/radiostudiow.com.br\/site\/2025\/03\/01\/carga-de-8-toneladas-de-camarao-argentino-e-apreendida-em-uniao-da-vitoria\/","title":{"rendered":"Carga de 8 toneladas de camar\u00e3o argentino \u00e9 apreendida em Uni\u00e3o da Vit\u00f3ria"},"content":{"rendered":"\n<p>A equipe da Pol\u00edcia Militar de Uni\u00e7\u00e3o da Vit\u00f3ria estava se deslocando pela BR-153 pelo bairro S\u00e3o Gabriel quando visualizou um caminh\u00e3o, o qual ao perceber a presen\u00e7a policial demonstrou nervosismo e tentou despistar a viatura. A situa\u00e7\u00e3o ocorreu por volta das 14 horas dessa sexta-feira (28).<\/p>\n\n\n\n<p>O ve\u00edculo foi abordado e, ao verificar a carga e a documenta\u00e7\u00e3o apresentada, constatou-se inconsist\u00eancias: a nota fiscal indicava uma carga de camar\u00f5es, mas a empresa importadora tinha apenas uma importa\u00e7\u00e3o registrada e a carga n\u00e3o estava de acordo com as informa\u00e7\u00f5es fiscais.<\/p>\n\n\n\n<figure class=\"wp-block-image size-full\"><img loading=\"lazy\" decoding=\"async\" width=\"598\" height=\"204\" src=\"https:\/\/radiostudiow.com.br\/site\/wp-content\/uploads\/2025\/01\/SITE-MEDIO3.png\" alt=\"\" class=\"wp-image-32815\" srcset=\"https:\/\/radiostudiow.com.br\/site\/wp-content\/uploads\/2025\/01\/SITE-MEDIO3.png 598w, https:\/\/radiostudiow.com.br\/site\/wp-content\/uploads\/2025\/01\/SITE-MEDIO3-300x102.png 300w\" sizes=\"auto, (max-width: 598px) 100vw, 598px\" \/><\/figure>\n\n\n\n<p>Havia no caminh\u00e3o um total de 398 caixas de camar\u00e3o, totalizando quase 8 toneladas do produto, que segundo o motorista, estava trazendo da Argentina.<\/p>\n\n\n\n<p>Durante as dilig\u00eancias, foi identificado que as caixas n\u00e3o possu\u00edam selo de inspe\u00e7\u00e3o federal e apresentavam diverg\u00eancias no peso e quantidade. Al\u00e9m disso, o peso l\u00edquido da carga foi superior ao indicado na nota fiscal. A carga e o ve\u00edculo foi apreendida.<\/p>\n","protected":false},"excerpt":{"rendered":"<p>A equipe da Pol\u00edcia Militar de Uni\u00e7\u00e3o da Vit\u00f3ria estava se deslocando pela BR-153 pelo bairro S\u00e3o Gabriel quando visualizou um caminh\u00e3o, o qual ao perceber a presen\u00e7a policial demonstrou nervosismo e tentou despistar a viatura. A situa\u00e7\u00e3o ocorreu por volta das 14 horas dessa sexta-feira (28). O ve\u00edculo foi abordado e, ao verificar a [&hellip;]<\/p>\n","protected":false},"author":2,"featured_media":34917,"comment_status":"open","ping_status":"open","sticky":false,"template":"","format":"standard","meta":{"footnotes":""},"categories":[2],"tags":[172],"class_list":["post-34916","post","type-post","status-publish","format-standard","has-post-thumbnail","hentry","category-policial","tag-featured"],"amp_enabled":true,"_links":{"self":[{"href":"https:\/\/radiostudiow.com.br\/site\/wp-json\/wp\/v2\/posts\/34916","targetHints":{"allow":["GET"]}}],"collection":[{"href":"https:\/\/radiostudiow.com.br\/site\/wp-json\/wp\/v2\/posts"}],"about":[{"href":"https:\/\/radiostudiow.com.br\/site\/wp-json\/wp\/v2\/types\/post"}],"author":[{"embeddable":true,"href":"https:\/\/radiostudiow.com.br\/site\/wp-json\/wp\/v2\/users\/2"}],"replies":[{"embeddable":true,"href":"https:\/\/radiostudiow.com.br\/site\/wp-json\/wp\/v2\/comments?post=34916"}],"version-history":[{"count":1,"href":"https:\/\/radiostudiow.com.br\/site\/wp-json\/wp\/v2\/posts\/34916\/revisions"}],"predecessor-version":[{"id":34918,"href":"https:\/\/radiostudiow.com.br\/site\/wp-json\/wp\/v2\/posts\/34916\/revisions\/34918"}],"wp:featuredmedia":[{"embeddable":true,"href":"https:\/\/radiostudiow.com.br\/site\/wp-json\/wp\/v2\/media\/34917"}],"wp:attachment":[{"href":"https:\/\/radiostudiow.com.br\/site\/wp-json\/wp\/v2\/media?parent=34916"}],"wp:term":[{"taxonomy":"category","embeddable":true,"href":"https:\/\/radiostudiow.com.br\/site\/wp-json\/wp\/v2\/categories?post=34916"},{"taxonomy":"post_tag","embeddable":true,"href":"https:\/\/radiostudiow.com.br\/site\/wp-json\/wp\/v2\/tags?post=34916"}],"curies":[{"name":"wp","href":"https:\/\/api.w.org\/{rel}","templated":true}]}}