{"id":34919,"date":"2025-03-01T10:56:15","date_gmt":"2025-03-01T13:56:15","guid":{"rendered":"https:\/\/radiostudiow.com.br\/site\/?p=34919"},"modified":"2025-03-01T10:56:26","modified_gmt":"2025-03-01T13:56:26","slug":"homem-e-esfaqueado-durante-briga-em-sao-mateus-do-sul-na-madrugada","status":"publish","type":"post","link":"https:\/\/radiostudiow.com.br\/site\/2025\/03\/01\/homem-e-esfaqueado-durante-briga-em-sao-mateus-do-sul-na-madrugada\/","title":{"rendered":"Homem \u00e9 esfaqueado durante briga em S\u00e3o Mateus do Sul"},"content":{"rendered":"\n<p>A equipe da Pol\u00edcia Militar de S\u00e3o Mateus do Sul foi acionada pelo Corpo de Bombeiros por volta de 01h40min desse s\u00e1bado (01\u00b0) para dar atendimento a uma situa\u00e7\u00e3o de les\u00e3o corporal.<\/p>\n\n\n\n<p>Um homem de 27 anos sofreu ferimentos moderados ap\u00f3s ser esfaqueado na Rua Hezir Leal Hultman, \u00e1rea central, \u00e1 v\u00edtima j\u00e1 havia sido levada ao Pronto Atendimento da cidade.<\/p>\n\n\n\n<figure class=\"wp-block-image size-full\"><img loading=\"lazy\" decoding=\"async\" width=\"897\" height=\"204\" src=\"https:\/\/radiostudiow.com.br\/site\/wp-content\/uploads\/2025\/01\/SITE-GRANDE2.png\" alt=\"\" class=\"wp-image-32805\" srcset=\"https:\/\/radiostudiow.com.br\/site\/wp-content\/uploads\/2025\/01\/SITE-GRANDE2.png 897w, https:\/\/radiostudiow.com.br\/site\/wp-content\/uploads\/2025\/01\/SITE-GRANDE2-300x68.png 300w, https:\/\/radiostudiow.com.br\/site\/wp-content\/uploads\/2025\/01\/SITE-GRANDE2-768x175.png 768w\" sizes=\"auto, (max-width: 897px) 100vw, 897px\" \/><\/figure>\n\n\n\n<p>Segundo a Pol\u00edcia, o homem estava com ferimento no abd\u00f4men causado por uma facada durante uma briga em via p\u00fablica. A v\u00edtima n\u00e3o estava em condi\u00e7\u00f5es de relatar o ocorrido.<\/p>\n\n\n\n<p>A equipe ent\u00e3o se deslocou at\u00e9 um bar, o local da suposta briga, mas o estabelecimento j\u00e1 estava fechado e n\u00e3o havia ningu\u00e9m nas imedia\u00e7\u00f5es.<\/p>\n\n\n\n<p>Realizou-se patrulhamento pelo bairro, mas n\u00e3o foram encontradas novas informa\u00e7\u00f5es sobre o caso.<\/p>\n","protected":false},"excerpt":{"rendered":"<p>A equipe da Pol\u00edcia Militar de S\u00e3o Mateus do Sul foi acionada pelo Corpo de Bombeiros por volta de 01h40min desse s\u00e1bado (01\u00b0) para dar atendimento a uma situa\u00e7\u00e3o de les\u00e3o corporal. Um homem de 27 anos sofreu ferimentos moderados ap\u00f3s ser esfaqueado na Rua Hezir Leal Hultman, \u00e1rea central, \u00e1 v\u00edtima j\u00e1 havia sido [&hellip;]<\/p>\n","protected":false},"author":2,"featured_media":31622,"comment_status":"open","ping_status":"open","sticky":false,"template":"","format":"standard","meta":{"footnotes":""},"categories":[2],"tags":[172],"class_list":["post-34919","post","type-post","status-publish","format-standard","has-post-thumbnail","hentry","category-policial","tag-featured"],"amp_enabled":true,"_links":{"self":[{"href":"https:\/\/radiostudiow.com.br\/site\/wp-json\/wp\/v2\/posts\/34919","targetHints":{"allow":["GET"]}}],"collection":[{"href":"https:\/\/radiostudiow.com.br\/site\/wp-json\/wp\/v2\/posts"}],"about":[{"href":"https:\/\/radiostudiow.com.br\/site\/wp-json\/wp\/v2\/types\/post"}],"author":[{"embeddable":true,"href":"https:\/\/radiostudiow.com.br\/site\/wp-json\/wp\/v2\/users\/2"}],"replies":[{"embeddable":true,"href":"https:\/\/radiostudiow.com.br\/site\/wp-json\/wp\/v2\/comments?post=34919"}],"version-history":[{"count":2,"href":"https:\/\/radiostudiow.com.br\/site\/wp-json\/wp\/v2\/posts\/34919\/revisions"}],"predecessor-version":[{"id":34921,"href":"https:\/\/radiostudiow.com.br\/site\/wp-json\/wp\/v2\/posts\/34919\/revisions\/34921"}],"wp:featuredmedia":[{"embeddable":true,"href":"https:\/\/radiostudiow.com.br\/site\/wp-json\/wp\/v2\/media\/31622"}],"wp:attachment":[{"href":"https:\/\/radiostudiow.com.br\/site\/wp-json\/wp\/v2\/media?parent=34919"}],"wp:term":[{"taxonomy":"category","embeddable":true,"href":"https:\/\/radiostudiow.com.br\/site\/wp-json\/wp\/v2\/categories?post=34919"},{"taxonomy":"post_tag","embeddable":true,"href":"https:\/\/radiostudiow.com.br\/site\/wp-json\/wp\/v2\/tags?post=34919"}],"curies":[{"name":"wp","href":"https:\/\/api.w.org\/{rel}","templated":true}]}}