{"id":34922,"date":"2025-03-01T11:41:34","date_gmt":"2025-03-01T14:41:34","guid":{"rendered":"https:\/\/radiostudiow.com.br\/site\/?p=34922"},"modified":"2025-03-01T11:41:34","modified_gmt":"2025-03-01T14:41:34","slug":"homem-e-preso-por-trafico-de-drogas-em-uniao-da-vitoria-11","status":"publish","type":"post","link":"https:\/\/radiostudiow.com.br\/site\/2025\/03\/01\/homem-e-preso-por-trafico-de-drogas-em-uniao-da-vitoria-11\/","title":{"rendered":"Homem \u00e9 preso por tr\u00e1fico de drogas em Uni\u00e3o da Vit\u00f3ria"},"content":{"rendered":"\n<p>A equipe da Pol\u00edcia Miliar de Uni\u00e3o da Vit\u00f3ria estava realizando patrulhamento pelo bairro S\u00e3o Bas\u00edlio Magno por volta das 12h20min dessa sexta-feira, 28 de fevereiro, quando realizou pris\u00e3o de um homem por tr\u00e1fico de drogas.<\/p>\n\n\n\n<figure class=\"wp-block-image size-full\"><img loading=\"lazy\" decoding=\"async\" width=\"598\" height=\"204\" src=\"https:\/\/radiostudiow.com.br\/site\/wp-content\/uploads\/2025\/01\/SITE-MEDIO7.png\" alt=\"\" class=\"wp-image-32801\" srcset=\"https:\/\/radiostudiow.com.br\/site\/wp-content\/uploads\/2025\/01\/SITE-MEDIO7.png 598w, https:\/\/radiostudiow.com.br\/site\/wp-content\/uploads\/2025\/01\/SITE-MEDIO7-300x102.png 300w\" sizes=\"auto, (max-width: 598px) 100vw, 598px\" \/><\/figure>\n\n\n\n<p>A equipe policial recebeu informa\u00e7\u00f5es sobre um roubo ocorrido momentos antes, e recebeu informa\u00e7\u00f5es, tamb\u00e9m, sobre as vestimentas do suspeito. Ap\u00f3s buscas, foi localizado um homem com caracter\u00edsticas semelhantes a repassada, que tentou se evadir ao visualizar a viatura, por\u00e9m foi abordado.<\/p>\n\n\n\n<p>Durante a busca pessoal, foi encontrada uma sacola amarela contendo subst\u00e2ncia an\u00e1loga \u00e0 maconha, pesando 196 gramas. Diante dos fatos, oindiv\u00edduo foi preso e conduzido at\u00e9 a 4\u00aa SDP para as devidas provid\u00eancias.<\/p>\n","protected":false},"excerpt":{"rendered":"<p>A equipe da Pol\u00edcia Miliar de Uni\u00e3o da Vit\u00f3ria estava realizando patrulhamento pelo bairro S\u00e3o Bas\u00edlio Magno por volta das 12h20min dessa sexta-feira, 28 de fevereiro, quando realizou pris\u00e3o de um homem por tr\u00e1fico de drogas. A equipe policial recebeu informa\u00e7\u00f5es sobre um roubo ocorrido momentos antes, e recebeu informa\u00e7\u00f5es, tamb\u00e9m, sobre as vestimentas do [&hellip;]<\/p>\n","protected":false},"author":2,"featured_media":34941,"comment_status":"open","ping_status":"open","sticky":false,"template":"","format":"standard","meta":{"footnotes":""},"categories":[2],"tags":[172],"class_list":["post-34922","post","type-post","status-publish","format-standard","has-post-thumbnail","hentry","category-policial","tag-featured"],"amp_enabled":true,"_links":{"self":[{"href":"https:\/\/radiostudiow.com.br\/site\/wp-json\/wp\/v2\/posts\/34922","targetHints":{"allow":["GET"]}}],"collection":[{"href":"https:\/\/radiostudiow.com.br\/site\/wp-json\/wp\/v2\/posts"}],"about":[{"href":"https:\/\/radiostudiow.com.br\/site\/wp-json\/wp\/v2\/types\/post"}],"author":[{"embeddable":true,"href":"https:\/\/radiostudiow.com.br\/site\/wp-json\/wp\/v2\/users\/2"}],"replies":[{"embeddable":true,"href":"https:\/\/radiostudiow.com.br\/site\/wp-json\/wp\/v2\/comments?post=34922"}],"version-history":[{"count":3,"href":"https:\/\/radiostudiow.com.br\/site\/wp-json\/wp\/v2\/posts\/34922\/revisions"}],"predecessor-version":[{"id":34942,"href":"https:\/\/radiostudiow.com.br\/site\/wp-json\/wp\/v2\/posts\/34922\/revisions\/34942"}],"wp:featuredmedia":[{"embeddable":true,"href":"https:\/\/radiostudiow.com.br\/site\/wp-json\/wp\/v2\/media\/34941"}],"wp:attachment":[{"href":"https:\/\/radiostudiow.com.br\/site\/wp-json\/wp\/v2\/media?parent=34922"}],"wp:term":[{"taxonomy":"category","embeddable":true,"href":"https:\/\/radiostudiow.com.br\/site\/wp-json\/wp\/v2\/categories?post=34922"},{"taxonomy":"post_tag","embeddable":true,"href":"https:\/\/radiostudiow.com.br\/site\/wp-json\/wp\/v2\/tags?post=34922"}],"curies":[{"name":"wp","href":"https:\/\/api.w.org\/{rel}","templated":true}]}}