{"id":3501,"date":"2021-09-01T17:04:13","date_gmt":"2021-09-01T20:04:13","guid":{"rendered":"https:\/\/radiostudiow.com.br\/site\/?p=3501"},"modified":"2025-01-31T15:12:29","modified_gmt":"2025-01-31T18:12:29","slug":"motocicleta-e-furtada-em-sao-mateus-do-sul","status":"publish","type":"post","link":"https:\/\/radiostudiow.com.br\/site\/2021\/09\/01\/motocicleta-e-furtada-em-sao-mateus-do-sul\/","title":{"rendered":"Motocicleta \u00e9 furtada em S\u00e3o Mateus do Sul"},"content":{"rendered":"\n<p>Na manh\u00e3 desta quarta-feira, 01 de setembro, \u00a0o propriet\u00e1rio de uma motocicleta divulgou em suas redes sociais que a sua moto teria sido furtada do p\u00e1tio de uma oficina no munic\u00edpio de S\u00e3o Mateus do Sul.<\/p>\n\n\n\n<p>A motocicleta de trilha CG, cor preta, foi levada durante a madrugada, em uma empresa na \u00e1rea industrial.<\/p>\n\n\n\n<p>Fonte: http:\/\/clicsulnews.com.br\/<\/p>\n","protected":false},"excerpt":{"rendered":"<p>Na manh\u00e3 desta quarta-feira, 01 de setembro, \u00a0o propriet\u00e1rio de uma motocicleta divulgou em suas redes sociais que a sua moto teria sido furtada do p\u00e1tio de uma oficina no munic\u00edpio de S\u00e3o Mateus do Sul. A motocicleta de trilha CG, cor preta, foi levada durante a madrugada, em uma empresa na \u00e1rea industrial. Fonte: [&hellip;]<\/p>\n","protected":false},"author":2,"featured_media":3502,"comment_status":"open","ping_status":"open","sticky":false,"template":"","format":"standard","meta":{"footnotes":""},"categories":[2],"tags":[172],"class_list":["post-3501","post","type-post","status-publish","format-standard","has-post-thumbnail","hentry","category-policial","tag-featured"],"amp_enabled":true,"_links":{"self":[{"href":"https:\/\/radiostudiow.com.br\/site\/wp-json\/wp\/v2\/posts\/3501","targetHints":{"allow":["GET"]}}],"collection":[{"href":"https:\/\/radiostudiow.com.br\/site\/wp-json\/wp\/v2\/posts"}],"about":[{"href":"https:\/\/radiostudiow.com.br\/site\/wp-json\/wp\/v2\/types\/post"}],"author":[{"embeddable":true,"href":"https:\/\/radiostudiow.com.br\/site\/wp-json\/wp\/v2\/users\/2"}],"replies":[{"embeddable":true,"href":"https:\/\/radiostudiow.com.br\/site\/wp-json\/wp\/v2\/comments?post=3501"}],"version-history":[{"count":3,"href":"https:\/\/radiostudiow.com.br\/site\/wp-json\/wp\/v2\/posts\/3501\/revisions"}],"predecessor-version":[{"id":3508,"href":"https:\/\/radiostudiow.com.br\/site\/wp-json\/wp\/v2\/posts\/3501\/revisions\/3508"}],"wp:featuredmedia":[{"embeddable":true,"href":"https:\/\/radiostudiow.com.br\/site\/wp-json\/wp\/v2\/media\/3502"}],"wp:attachment":[{"href":"https:\/\/radiostudiow.com.br\/site\/wp-json\/wp\/v2\/media?parent=3501"}],"wp:term":[{"taxonomy":"category","embeddable":true,"href":"https:\/\/radiostudiow.com.br\/site\/wp-json\/wp\/v2\/categories?post=3501"},{"taxonomy":"post_tag","embeddable":true,"href":"https:\/\/radiostudiow.com.br\/site\/wp-json\/wp\/v2\/tags?post=3501"}],"curies":[{"name":"wp","href":"https:\/\/api.w.org\/{rel}","templated":true}]}}