{"id":35035,"date":"2025-03-05T10:00:47","date_gmt":"2025-03-05T13:00:47","guid":{"rendered":"https:\/\/radiostudiow.com.br\/site\/?p=35035"},"modified":"2025-03-05T10:00:47","modified_gmt":"2025-03-05T13:00:47","slug":"homem-perde-a-vida-em-acidente-fatal-na-br-277-em-prudentopolis","status":"publish","type":"post","link":"https:\/\/radiostudiow.com.br\/site\/2025\/03\/05\/homem-perde-a-vida-em-acidente-fatal-na-br-277-em-prudentopolis\/","title":{"rendered":"Homem perde a vida em acidente fatal na BR-277 em Prudent\u00f3polis"},"content":{"rendered":"\n<p>Um acidente grave ocorreu no\u00a0Km 300 da BR-277, em Prudent\u00f3polis, por volta das 15 horas dessa ter\u00e7a-feira, 04 de mar\u00e7o.<\/p>\n\n\n\n<p>A colis\u00e3o frontal envolveu um caminh\u00e3o branco com emplacamento de Quatro Barras e um Gol azul com emplacamento de Prudent\u00f3polis.<\/p>\n\n\n\n<figure class=\"wp-block-image size-full\"><img loading=\"lazy\" decoding=\"async\" width=\"598\" height=\"204\" src=\"https:\/\/radiostudiow.com.br\/site\/wp-content\/uploads\/2025\/01\/SITE-MEDIO.png\" alt=\"\" class=\"wp-image-32810\" srcset=\"https:\/\/radiostudiow.com.br\/site\/wp-content\/uploads\/2025\/01\/SITE-MEDIO.png 598w, https:\/\/radiostudiow.com.br\/site\/wp-content\/uploads\/2025\/01\/SITE-MEDIO-300x102.png 300w\" sizes=\"auto, (max-width: 598px) 100vw, 598px\" \/><\/figure>\n\n\n\n<p>O condutor do caminh\u00e3o, um homem de 45 anos, permaneceu ileso e realizou o teste do baf\u00f4metro, com resultado negativo para ingest\u00e3o de \u00e1lcool. J\u00e1 o condutor do Gol, um homem de 61 anos, morreu no local.<\/p>\n\n\n\n<p>A rodovia ficou parcialmente interditada por aproximadamente 1 hora, at\u00e9 que foi realizado um desvio para o sentido crescente. O sentido decrescente j\u00e1 estava livre.<\/p>\n\n\n\n<figure class=\"wp-block-video\"><video height=\"720\" style=\"aspect-ratio: 1280 \/ 720;\" width=\"1280\" controls src=\"https:\/\/radiostudiow.com.br\/site\/wp-content\/uploads\/2025\/03\/WhatsApp-Video-2025-03-04-at-17.12.37.mp4\"><\/video><\/figure>\n","protected":false},"excerpt":{"rendered":"<p>Um acidente grave ocorreu no\u00a0Km 300 da BR-277, em Prudent\u00f3polis, por volta das 15 horas dessa ter\u00e7a-feira, 04 de mar\u00e7o. A colis\u00e3o frontal envolveu um caminh\u00e3o branco com emplacamento de Quatro Barras e um Gol azul com emplacamento de Prudent\u00f3polis. O condutor do caminh\u00e3o, um homem de 45 anos, permaneceu ileso e realizou o teste [&hellip;]<\/p>\n","protected":false},"author":2,"featured_media":35036,"comment_status":"open","ping_status":"open","sticky":false,"template":"","format":"standard","meta":{"footnotes":""},"categories":[185],"tags":[172],"class_list":["post-35035","post","type-post","status-publish","format-standard","has-post-thumbnail","hentry","category-regional","tag-featured"],"amp_enabled":true,"_links":{"self":[{"href":"https:\/\/radiostudiow.com.br\/site\/wp-json\/wp\/v2\/posts\/35035","targetHints":{"allow":["GET"]}}],"collection":[{"href":"https:\/\/radiostudiow.com.br\/site\/wp-json\/wp\/v2\/posts"}],"about":[{"href":"https:\/\/radiostudiow.com.br\/site\/wp-json\/wp\/v2\/types\/post"}],"author":[{"embeddable":true,"href":"https:\/\/radiostudiow.com.br\/site\/wp-json\/wp\/v2\/users\/2"}],"replies":[{"embeddable":true,"href":"https:\/\/radiostudiow.com.br\/site\/wp-json\/wp\/v2\/comments?post=35035"}],"version-history":[{"count":1,"href":"https:\/\/radiostudiow.com.br\/site\/wp-json\/wp\/v2\/posts\/35035\/revisions"}],"predecessor-version":[{"id":35038,"href":"https:\/\/radiostudiow.com.br\/site\/wp-json\/wp\/v2\/posts\/35035\/revisions\/35038"}],"wp:featuredmedia":[{"embeddable":true,"href":"https:\/\/radiostudiow.com.br\/site\/wp-json\/wp\/v2\/media\/35036"}],"wp:attachment":[{"href":"https:\/\/radiostudiow.com.br\/site\/wp-json\/wp\/v2\/media?parent=35035"}],"wp:term":[{"taxonomy":"category","embeddable":true,"href":"https:\/\/radiostudiow.com.br\/site\/wp-json\/wp\/v2\/categories?post=35035"},{"taxonomy":"post_tag","embeddable":true,"href":"https:\/\/radiostudiow.com.br\/site\/wp-json\/wp\/v2\/tags?post=35035"}],"curies":[{"name":"wp","href":"https:\/\/api.w.org\/{rel}","templated":true}]}}