{"id":3504,"date":"2021-09-02T10:51:57","date_gmt":"2021-09-02T13:51:57","guid":{"rendered":"https:\/\/radiostudiow.com.br\/site\/?p=3504"},"modified":"2025-01-31T15:12:29","modified_gmt":"2025-01-31T18:12:29","slug":"aviso-da-junta-de-servico-militar-aos-jovens-alistados-em-2021","status":"publish","type":"post","link":"https:\/\/radiostudiow.com.br\/site\/2021\/09\/02\/aviso-da-junta-de-servico-militar-aos-jovens-alistados-em-2021\/","title":{"rendered":"Aviso: Junta de Servi\u00e7o Militar aos jovens alistados em  Mallet no ano de 2021"},"content":{"rendered":"\n<figure class=\"wp-block-pullquote\"><blockquote><p>A Junta de Servi\u00e7o Militar comunica aos jovens alistados este ano de 2021 que a Inspe\u00e7\u00e3o de Sa\u00fade ser\u00e1 na Escola Municipal Divino Esp\u00edrito Santo.<\/p><p><strong>Localizada na Rua Tiradentes \u2013 Centro \u2013 Mallet \u2013 PR, pr\u00f3ximo ao F\u00f3rum.<\/strong><\/p><p><strong>Na pr\u00f3xima &nbsp;quarta-feira, 08 de setembro de 2021 \u00e0s 07:00 horas<\/strong><\/p><p>OBSERVE: Levar Carteira de Identidade \u201cRG\u201d e o CPF<\/p><\/blockquote><\/figure>\n\n\n\n<p>Mais informa\u00e7\u00f5es: (42) 3542 1205 | Ramal 1035 \u2013 c<em>om Secret\u00e1rio Rodrigo<\/em><\/p>\n","protected":false},"excerpt":{"rendered":"<p>A Junta de Servi\u00e7o Militar comunica aos jovens alistados este ano de 2021 que a Inspe\u00e7\u00e3o de Sa\u00fade ser\u00e1 na Escola Municipal Divino Esp\u00edrito Santo. Localizada na Rua Tiradentes \u2013 Centro \u2013 Mallet \u2013 PR, pr\u00f3ximo ao F\u00f3rum. Na pr\u00f3xima &nbsp;quarta-feira, 08 de setembro de 2021 \u00e0s 07:00 horas OBSERVE: Levar Carteira de Identidade \u201cRG\u201d [&hellip;]<\/p>\n","protected":false},"author":2,"featured_media":0,"comment_status":"open","ping_status":"open","sticky":false,"template":"","format":"standard","meta":{"footnotes":""},"categories":[7],"tags":[172],"class_list":["post-3504","post","type-post","status-publish","format-standard","hentry","category-geral","tag-featured"],"amp_enabled":true,"_links":{"self":[{"href":"https:\/\/radiostudiow.com.br\/site\/wp-json\/wp\/v2\/posts\/3504","targetHints":{"allow":["GET"]}}],"collection":[{"href":"https:\/\/radiostudiow.com.br\/site\/wp-json\/wp\/v2\/posts"}],"about":[{"href":"https:\/\/radiostudiow.com.br\/site\/wp-json\/wp\/v2\/types\/post"}],"author":[{"embeddable":true,"href":"https:\/\/radiostudiow.com.br\/site\/wp-json\/wp\/v2\/users\/2"}],"replies":[{"embeddable":true,"href":"https:\/\/radiostudiow.com.br\/site\/wp-json\/wp\/v2\/comments?post=3504"}],"version-history":[{"count":5,"href":"https:\/\/radiostudiow.com.br\/site\/wp-json\/wp\/v2\/posts\/3504\/revisions"}],"predecessor-version":[{"id":3531,"href":"https:\/\/radiostudiow.com.br\/site\/wp-json\/wp\/v2\/posts\/3504\/revisions\/3531"}],"wp:attachment":[{"href":"https:\/\/radiostudiow.com.br\/site\/wp-json\/wp\/v2\/media?parent=3504"}],"wp:term":[{"taxonomy":"category","embeddable":true,"href":"https:\/\/radiostudiow.com.br\/site\/wp-json\/wp\/v2\/categories?post=3504"},{"taxonomy":"post_tag","embeddable":true,"href":"https:\/\/radiostudiow.com.br\/site\/wp-json\/wp\/v2\/tags?post=3504"}],"curies":[{"name":"wp","href":"https:\/\/api.w.org\/{rel}","templated":true}]}}