{"id":35058,"date":"2025-03-05T16:18:27","date_gmt":"2025-03-05T19:18:27","guid":{"rendered":"https:\/\/radiostudiow.com.br\/site\/?p=35058"},"modified":"2025-03-05T16:18:27","modified_gmt":"2025-03-05T19:18:27","slug":"boletim-da-secretaria-da-saude-confirma-2-313-novos-casos-de-dengue-no-parana","status":"publish","type":"post","link":"https:\/\/radiostudiow.com.br\/site\/2025\/03\/05\/boletim-da-secretaria-da-saude-confirma-2-313-novos-casos-de-dengue-no-parana\/","title":{"rendered":"Boletim da Secretaria da Sa\u00fade confirma 2.313 novos casos de dengue no Paran\u00e1"},"content":{"rendered":"\n<p>A Secretaria de Estado da Sa\u00fade (Sesa), por meio da Coordenadoria Estadual de Vigil\u00e2ncia Ambiental, publicou nesta quarta-feira (5) o novo informe semanal da dengue. Foram registrados 2.313 novos casos da doen\u00e7a no Paran\u00e1. N\u00e3o houve registro de \u00f3bito no per\u00edodo.<\/p>\n\n\n\n<p>Com os dados da semana, os n\u00fameros do novo ano epidemiol\u00f3gico 2025 totalizam 47.144 notifica\u00e7\u00f5es, 9.421 diagn\u00f3sticos confirmados e quatro \u00f3bitos em decorr\u00eancia da dengue.<\/p>\n\n\n\n<figure class=\"wp-block-image size-full\"><img loading=\"lazy\" decoding=\"async\" width=\"598\" height=\"204\" src=\"https:\/\/radiostudiow.com.br\/site\/wp-content\/uploads\/2025\/01\/SITE-MEDIO.png\" alt=\"\" class=\"wp-image-32810\" srcset=\"https:\/\/radiostudiow.com.br\/site\/wp-content\/uploads\/2025\/01\/SITE-MEDIO.png 598w, https:\/\/radiostudiow.com.br\/site\/wp-content\/uploads\/2025\/01\/SITE-MEDIO-300x102.png 300w\" sizes=\"auto, (max-width: 598px) 100vw, 598px\" \/><\/figure>\n\n\n\n<p>No total, 378 munic\u00edpios j\u00e1 apresentaram notifica\u00e7\u00f5es da doen\u00e7a, transmitida pelo mosquito&nbsp;Aedes aegypti, e 262 possuem casos confirmados.<\/p>\n\n\n\n<p>As regionais com mais n\u00famero de casos confirmados neste per\u00edodo epidemiol\u00f3gico s\u00e3o a 14\u00aa Regional de Sa\u00fade de Paranava\u00ed (2.973); 17\u00aa RS de Londrina (1.649); 12\u00aa RS de Umuarama (815); 15\u00aa RS Maring\u00e1 (801) e 19\u00aa RS Jacarezinho (538).<\/p>\n\n\n\n<p><strong>OUTRAS ARBOVIROSES&nbsp;\u2013&nbsp;<\/strong>O boletim traz ainda dados sobre Chikungunya e Zika, doen\u00e7as que tamb\u00e9m t\u00eam como vetor o mosquito&nbsp;Aedes aegypti.<\/p>\n\n\n\n<figure class=\"wp-block-image size-full\"><img loading=\"lazy\" decoding=\"async\" width=\"897\" height=\"204\" src=\"https:\/\/radiostudiow.com.br\/site\/wp-content\/uploads\/2025\/01\/SITE-GRANDE6.png\" alt=\"\" class=\"wp-image-32870\" srcset=\"https:\/\/radiostudiow.com.br\/site\/wp-content\/uploads\/2025\/01\/SITE-GRANDE6.png 897w, https:\/\/radiostudiow.com.br\/site\/wp-content\/uploads\/2025\/01\/SITE-GRANDE6-300x68.png 300w, https:\/\/radiostudiow.com.br\/site\/wp-content\/uploads\/2025\/01\/SITE-GRANDE6-768x175.png 768w\" sizes=\"auto, (max-width: 897px) 100vw, 897px\" \/><\/figure>\n\n\n\n<p>Foram confirmados 387 casos de Chikungunya, com um total de 1.005 notifica\u00e7\u00f5es da doen\u00e7a no Estado. No que se refere ao Zika V\u00edrus, at\u00e9 o momento foram registradas 19 notifica\u00e7\u00f5es e nenhum caso foi confirmado.<\/p>\n\n\n\n<p>Confira o Informe Semanal completo&nbsp;<a href=\"https:\/\/www.dengue.pr.gov.br\/Pagina\/Boletins-da-Dengue\" target=\"_blank\" rel=\"noreferrer noopener\"><strong>AQUI<\/strong><\/a>. Mais informa\u00e7\u00f5es sobre a dengue est\u00e3o&nbsp;<a href=\"https:\/\/www.dengue.pr.gov.br\/\" target=\"_blank\" rel=\"noreferrer noopener\"><strong>neste&nbsp;LINK<\/strong><\/a>.<\/p>\n\n\n\n<figure class=\"wp-block-image size-full\"><img loading=\"lazy\" decoding=\"async\" width=\"800\" height=\"720\" src=\"https:\/\/radiostudiow.com.br\/site\/wp-content\/uploads\/2025\/03\/05.jpg\" alt=\"\" class=\"wp-image-35060\" srcset=\"https:\/\/radiostudiow.com.br\/site\/wp-content\/uploads\/2025\/03\/05.jpg 800w, https:\/\/radiostudiow.com.br\/site\/wp-content\/uploads\/2025\/03\/05-300x270.jpg 300w, https:\/\/radiostudiow.com.br\/site\/wp-content\/uploads\/2025\/03\/05-768x691.jpg 768w\" sizes=\"auto, (max-width: 800px) 100vw, 800px\" \/><\/figure>\n","protected":false},"excerpt":{"rendered":"<p>A Secretaria de Estado da Sa\u00fade (Sesa), por meio da Coordenadoria Estadual de Vigil\u00e2ncia Ambiental, publicou nesta quarta-feira (5) o novo informe semanal da dengue. Foram registrados 2.313 novos casos da doen\u00e7a no Paran\u00e1. N\u00e3o houve registro de \u00f3bito no per\u00edodo. Com os dados da semana, os n\u00fameros do novo ano epidemiol\u00f3gico 2025 totalizam 47.144 [&hellip;]<\/p>\n","protected":false},"author":2,"featured_media":33421,"comment_status":"open","ping_status":"open","sticky":false,"template":"","format":"standard","meta":{"footnotes":""},"categories":[182],"tags":[172],"class_list":["post-35058","post","type-post","status-publish","format-standard","has-post-thumbnail","hentry","category-saude","tag-featured"],"amp_enabled":true,"_links":{"self":[{"href":"https:\/\/radiostudiow.com.br\/site\/wp-json\/wp\/v2\/posts\/35058","targetHints":{"allow":["GET"]}}],"collection":[{"href":"https:\/\/radiostudiow.com.br\/site\/wp-json\/wp\/v2\/posts"}],"about":[{"href":"https:\/\/radiostudiow.com.br\/site\/wp-json\/wp\/v2\/types\/post"}],"author":[{"embeddable":true,"href":"https:\/\/radiostudiow.com.br\/site\/wp-json\/wp\/v2\/users\/2"}],"replies":[{"embeddable":true,"href":"https:\/\/radiostudiow.com.br\/site\/wp-json\/wp\/v2\/comments?post=35058"}],"version-history":[{"count":1,"href":"https:\/\/radiostudiow.com.br\/site\/wp-json\/wp\/v2\/posts\/35058\/revisions"}],"predecessor-version":[{"id":35061,"href":"https:\/\/radiostudiow.com.br\/site\/wp-json\/wp\/v2\/posts\/35058\/revisions\/35061"}],"wp:featuredmedia":[{"embeddable":true,"href":"https:\/\/radiostudiow.com.br\/site\/wp-json\/wp\/v2\/media\/33421"}],"wp:attachment":[{"href":"https:\/\/radiostudiow.com.br\/site\/wp-json\/wp\/v2\/media?parent=35058"}],"wp:term":[{"taxonomy":"category","embeddable":true,"href":"https:\/\/radiostudiow.com.br\/site\/wp-json\/wp\/v2\/categories?post=35058"},{"taxonomy":"post_tag","embeddable":true,"href":"https:\/\/radiostudiow.com.br\/site\/wp-json\/wp\/v2\/tags?post=35058"}],"curies":[{"name":"wp","href":"https:\/\/api.w.org\/{rel}","templated":true}]}}