{"id":35091,"date":"2025-03-06T11:34:57","date_gmt":"2025-03-06T14:34:57","guid":{"rendered":"https:\/\/radiostudiow.com.br\/site\/?p=35091"},"modified":"2025-03-06T11:34:58","modified_gmt":"2025-03-06T14:34:58","slug":"cnbb-lanca-campanha-da-fraternidade-2025-com-foco-em-ecologia-integral","status":"publish","type":"post","link":"https:\/\/radiostudiow.com.br\/site\/2025\/03\/06\/cnbb-lanca-campanha-da-fraternidade-2025-com-foco-em-ecologia-integral\/","title":{"rendered":"CNBB lan\u00e7a Campanha da Fraternidade 2025 com foco em ecologia integral"},"content":{"rendered":"\n<p>A&nbsp;<strong>Confer\u00eancia Nacional dos Bispos do Brasil (CNBB)<\/strong>&nbsp;lan\u00e7ou nessa Quarta-Feira de Cinzas, 05 de mar\u00e7o, a Campanha da Fraternidade 2025, com o tema Fraternidade e Ecologia Integral. O lema b\u00edblico escolhido para a campanha \u00e9&nbsp;<em>\u201cDeus viu que tudo era muito bom\u201d<\/em>, extra\u00eddo do livro do G\u00eanesis.<\/p>\n\n\n\n<p>A campanha foi inspirada na publica\u00e7\u00e3o da Carta Enc\u00edclica Laudato Si\u2019 do papa Francisco, que completa 10 anos em 2025, e tamb\u00e9m nos 800 anos da composi\u00e7\u00e3o do C\u00e2ntico das Criaturas de S\u00e3o Francisco de Assis.<\/p>\n\n\n\n<p>O objetivo da campanha \u00e9 promover um processo de convers\u00e3o integral, ouvindo o grito dos pobres e da Terra, em esp\u00edrito quaresmal e em tempos de urgente crise socioambiental.<\/p>\n\n\n\n<figure class=\"wp-block-image size-full\"><img loading=\"lazy\" decoding=\"async\" width=\"897\" height=\"204\" src=\"https:\/\/radiostudiow.com.br\/site\/wp-content\/uploads\/2025\/01\/SITE-GRANDE4.png\" alt=\"\" class=\"wp-image-32888\" srcset=\"https:\/\/radiostudiow.com.br\/site\/wp-content\/uploads\/2025\/01\/SITE-GRANDE4.png 897w, https:\/\/radiostudiow.com.br\/site\/wp-content\/uploads\/2025\/01\/SITE-GRANDE4-300x68.png 300w, https:\/\/radiostudiow.com.br\/site\/wp-content\/uploads\/2025\/01\/SITE-GRANDE4-768x175.png 768w\" sizes=\"auto, (max-width: 897px) 100vw, 897px\" \/><\/figure>\n\n\n\n<p>O papa Francisco enviou uma mensagem para a Campanha da Fraternidade 2025, louvando o esfor\u00e7o em propor o tema da ecologia e chamando a aten\u00e7\u00e3o para a urg\u00eancia de uma necess\u00e1ria mudan\u00e7a de atitude em nossas rela\u00e7\u00f5es com o meio ambiente.<\/p>\n\n\n\n<p>A Campanha da Fraternidade \u00e9 celebrada nacionalmente desde 1964 e \u00e9 um modo de a Igreja Cat\u00f3lica no Brasil celebrar o per\u00edodo da quaresma com atitudes de ora\u00e7\u00e3o, jejum e caridade.<\/p>\n\n\n\n<p>O ponto alto da campanha \u00e9 a coleta da solidariedade, realizada em todas as comunidades do Brasil no Domingo de Ramos, que neste ano ocorrer\u00e1 nos dias 12 e 13 de abril.<\/p>\n","protected":false},"excerpt":{"rendered":"<p>A&nbsp;Confer\u00eancia Nacional dos Bispos do Brasil (CNBB)&nbsp;lan\u00e7ou nessa Quarta-Feira de Cinzas, 05 de mar\u00e7o, a Campanha da Fraternidade 2025, com o tema Fraternidade e Ecologia Integral. O lema b\u00edblico escolhido para a campanha \u00e9&nbsp;\u201cDeus viu que tudo era muito bom\u201d, extra\u00eddo do livro do G\u00eanesis. A campanha foi inspirada na publica\u00e7\u00e3o da Carta Enc\u00edclica Laudato [&hellip;]<\/p>\n","protected":false},"author":2,"featured_media":35092,"comment_status":"open","ping_status":"open","sticky":false,"template":"","format":"standard","meta":{"footnotes":""},"categories":[7],"tags":[172],"class_list":["post-35091","post","type-post","status-publish","format-standard","has-post-thumbnail","hentry","category-geral","tag-featured"],"amp_enabled":true,"_links":{"self":[{"href":"https:\/\/radiostudiow.com.br\/site\/wp-json\/wp\/v2\/posts\/35091","targetHints":{"allow":["GET"]}}],"collection":[{"href":"https:\/\/radiostudiow.com.br\/site\/wp-json\/wp\/v2\/posts"}],"about":[{"href":"https:\/\/radiostudiow.com.br\/site\/wp-json\/wp\/v2\/types\/post"}],"author":[{"embeddable":true,"href":"https:\/\/radiostudiow.com.br\/site\/wp-json\/wp\/v2\/users\/2"}],"replies":[{"embeddable":true,"href":"https:\/\/radiostudiow.com.br\/site\/wp-json\/wp\/v2\/comments?post=35091"}],"version-history":[{"count":2,"href":"https:\/\/radiostudiow.com.br\/site\/wp-json\/wp\/v2\/posts\/35091\/revisions"}],"predecessor-version":[{"id":35100,"href":"https:\/\/radiostudiow.com.br\/site\/wp-json\/wp\/v2\/posts\/35091\/revisions\/35100"}],"wp:featuredmedia":[{"embeddable":true,"href":"https:\/\/radiostudiow.com.br\/site\/wp-json\/wp\/v2\/media\/35092"}],"wp:attachment":[{"href":"https:\/\/radiostudiow.com.br\/site\/wp-json\/wp\/v2\/media?parent=35091"}],"wp:term":[{"taxonomy":"category","embeddable":true,"href":"https:\/\/radiostudiow.com.br\/site\/wp-json\/wp\/v2\/categories?post=35091"},{"taxonomy":"post_tag","embeddable":true,"href":"https:\/\/radiostudiow.com.br\/site\/wp-json\/wp\/v2\/tags?post=35091"}],"curies":[{"name":"wp","href":"https:\/\/api.w.org\/{rel}","templated":true}]}}